{"id":21824,"date":"2019-04-22T17:37:26","date_gmt":"2019-04-22T20:37:26","guid":{"rendered":"http:\/\/www.encontramorumbi.com.br\/sobre\/?p=21824"},"modified":"2019-04-22T17:43:19","modified_gmt":"2019-04-22T20:43:19","slug":"memorial-luiz-cassio-dos-santos-werneck-no-morumbi","status":"publish","type":"post","link":"https:\/\/www.encontramorumbi.com.br\/sobre\/memorial-luiz-cassio-dos-santos-werneck-no-morumbi\/","title":{"rendered":"Memorial Luiz C\u00e1ssio dos Santos Werneck no Morumbi"},"content":{"rendered":"<div class=\"668395cb997a874797677d9ee29f7b25\" data-index=\"1\" style=\"float: none; margin:0px;\">\n<!-- Anuncio display - global -->\r\n<ins class=\"adsbygoogle\"\r\n     style=\"display:block\"\r\n     data-ad-client=\"ca-pub-8585364105181520\"\r\n     data-ad-slot=\"8789329856\"\r\n     data-ad-format=\"auto\"\r\n     data-full-width-responsive=\"true\"><\/ins>\r\n<script>\r\n     (adsbygoogle = window.adsbygoogle || []).push({});\r\n<\/script>\n<\/div>\n<p>O<strong> Memorial Luiz C\u00e1ssio dos Santos Werneck no Morumbi<\/strong>, o Memorial de t\u00edtulos e gl\u00f3rias do <em>S\u00e3o Paulo<\/em> Futebol clube, leva o nome de um ilustr\u00edssimo advogado, conselheiro, diretor e presidente de conselho do clube.<\/p>\n<p>Tal honra se deve ao fato de Werneck ter sido o fiel escudeiro de <em>C\u00edcero Pompeu de Toledo<\/em> durante a constru\u00e7\u00e3o do Morumbi.<\/p>\n<p><img loading=\"lazy\" decoding=\"async\" class=\"alignnone wp-image-21825 size-full\" title=\"Memorial Luiz Cassio dos Santos Werneck\" src=\"https:\/\/www.encontramorumbi.com.br\/sobre\/wp-content\/uploads\/2019\/04\/memorial-luiz-cassio-dos-santos-werneck.jpg\" alt=\"memorial- luiz-cassio-dos-santos-werneck\" width=\"300\" height=\"214\" srcset=\"https:\/\/www.encontramorumbi.com.br\/sobre\/wp-content\/uploads\/2019\/04\/memorial-luiz-cassio-dos-santos-werneck.jpg 300w, https:\/\/www.encontramorumbi.com.br\/sobre\/wp-content\/uploads\/2019\/04\/memorial-luiz-cassio-dos-santos-werneck-211x150.jpg 211w\" sizes=\"auto, (max-width: 300px) 100vw, 300px\" \/><\/p>\n<h2>Sobre Memorial\u00a0 Luiz C\u00e1ssio dos Santos Werneck no Morumbi<\/h2>\n<p>Com a sequ\u00eancia de t\u00edtulos do clube na d\u00e9cada de 1990, surgiu a ideia de construir um memorial com a hist\u00f3ria do S\u00e3o Paulo Futebol Clube em 1993. No total, foram 14 conquistas, entre elas os renomados t\u00edtulos de bicampe\u00e3o da Ta\u00e7a Libertadores da Am\u00e9rica e do Campeonato Mundial de Clubes.<\/p>\n<p>Exposi\u00e7\u00e3o da mesa onde foi assinada a escritura do terreno do Est\u00e1dio do Morumbi, no Memorial, em S\u00e3o Paulo. Em 28 de mar\u00e7o de 1994, o presidente do clube na \u00e9poca Jos\u00e9 Eduardo Mesquita Pimenta inaugurou o memorial, ap\u00f3s dez meses de planejamento, sendo considerado um dos primeiros centros de mem\u00f3ria do pa\u00eds e o primeiro memorial de um clube de futebol brasileiro.<\/p>\n<p>Em 1998, o S\u00e3o Paulo FC expandiu o conceito do memorial para que atingisse, al\u00e9m dos torcedores do time, todos os admiradores do futebol brasileiro. O local abrigou exposi\u00e7\u00f5es como &#8220;85 Anos de Le\u00f4nidas da Silva&#8221;, &#8220;Um Tra\u00e7o Tricolor&#8221; e &#8220;Adhemar Ferreira da Silva, o Atleta de Ouro&#8221;.<\/p>\n<p>O empreendimento foi respons\u00e1vel por investir em tecnologias inovadoras para o futebol brasileiro. As esta\u00e7\u00f5es multim\u00eddias instaladas no memorial possu\u00edam 400 fotos, 20 minutos de v\u00eddeo e 750 p\u00e1ginas de texto. O trabalho de pesquisa para a constru\u00e7\u00e3o levou meses e contou com o envolvimento de 80 pessoas sob a supervis\u00e3o do Museu da Pessoa.<\/p>\n<p>Na \u00e9poca, foram investidos US$ 500.000,00, e a iniciativa teve patroc\u00ednio do Banco Bradesco.<\/p>\n<p style=\"padding-left: 30px;\">Ele, ao lado de C\u00edcero e Lu\u00eds Campos Aranha, batalharam sem tr\u00e9gua em visa de obter os recursos da constru\u00e7\u00e3o do Est\u00e1dio. Negociou, por exemplo, com a Companhia Ant\u00e1rctica Paulista, de cervejas, um contrato de publicidade que alavancou as obras.<\/p>\n<p style=\"padding-left: 30px;\">Curiosamente, Werneck nunca apoiou o batismo do est\u00e1dio com o nome de seu amigo, pois, acreditava que a vontade do finado Presidente Tricolor era manter a id\u00e9ia do nome original: Est\u00e1dio Nove de Julho, em homenagem \u00e0 Revolu\u00e7\u00e3o de 1932 e \u00e0 Paulic\u00e9ia. Todavia, da mesma forma que seu colega foi prestiagiado, Werneck n\u00e3o podia deixar de ser.<\/p>\n<p style=\"padding-left: 30px;\">Em 2001, aconteceu a primeira reforma do <em>Memorial do S\u00e3o Paulo FC<\/em>, mas sem grandes reformula\u00e7\u00f5es, o estilo do local foi preservado.<\/p>\n<p style=\"padding-left: 30px;\">J\u00e1 no ano de 2004, foi realizada uma supervis\u00e3o de comunica\u00e7\u00e3o. Ent\u00e3o, o Conselho Deliberativo do S\u00e3o Paulo aprovou um novo nome ao local &#8220;Memorial Luiz C\u00e1ssio dos Santos Werneck&#8221;. A mudan\u00e7a ocorreu como uma homenagem ao advogado, conselheiro, diretor e ex-presidente do conselho, que faleceu no mesmo ano. Werneck tamb\u00e9m aparece como um dos idealizadores da constru\u00e7\u00e3o do Est\u00e1dio do Morumbi, ao lado de Cicero Pompeu de Toledo.<\/p>\n<p style=\"padding-left: 30px;\">Ap\u00f3s sucessivas reformula\u00e7\u00f5es, realizadas nos anos de 2008 e 2009, muitos dos m\u00f3dulos inovadores e fun\u00e7\u00f5es apresentadas na inaugura\u00e7\u00e3o do local n\u00e3o existem mais, como os postos multim\u00eddias de tecnologia digital e uma sala de cinema, respons\u00e1vel por exibir aos visitantes os gols e vit\u00f3rias do S\u00e3o Paulo FC.<\/p>\n<h3>Hor\u00e1rio de Funcionamento\u00a0Memorial Luiz C\u00e1ssio dos Santos Werneck\u00a0no\u00a0Morumbi<\/h3>\n<ul>\n<li>Segunda a\u00a0Domingo das 10h \u00e0s 16h00<\/li>\n<li>Consultar em dias de Jogos<\/li>\n<\/ul>\n<h3>Endere\u00e7o e Telefone\u00a0Memorial Luiz C\u00e1ssio dos Santos Werneck\u00a0no\u00a0Morumbi<\/h3>\n<ul>\n<li>Pra\u00e7a Roberto Gomes Pedrosa, 1 &#8211; Bairro Morumbi &#8211; S\u00e3o Paulo &#8211; SP<\/li>\n<li>Telefone: (11) 3142-3377<\/li>\n<\/ul>\n<h4>Outras informa\u00e7\u00f5es e site<\/h4>\n<ul>\n<li>Mais informa\u00e7\u00f5es:\u00a0<a href=\"http:\/\/www.saopaulofc.net\/spfcpedia\/memorial\">www.saopaulofc.net<\/a><\/li>\n<\/ul>\n<h4>Mapa de localiza\u00e7\u00e3o<\/h4>\n<a class=\"wp-colorbox-iframe\" href=\"https:\/\/www.google.com\/maps\/embed?pb=!1m18!1m12!1m3!1d3656.11833130019!2d-46.72227888502144!3d-23.60008878466378!2m3!1f0!2f0!3f0!3m2!1i1024!2i768!4f13.1!3m3!1m2!1s0x94ce56c31b1fe6490x7d134f4dfc6618c2!2sEstdio+Ccero+Pompeu+de+Toledo!5e0!3m2!1spt-BR!2sbr!4v1555964934535!5m2!1spt-BR!2sbr\"><img decoding=\"async\" src=\"http:\/\/www.encontramorumbi.com.br\/imgs\/maps-post.png\"><\/a>\n\n<div style=\"font-size: 0px; height: 0px; line-height: 0px; margin: 0; padding: 0; clear: both;\"><\/div>","protected":false},"excerpt":{"rendered":"<p>O Memorial Luiz C\u00e1ssio dos Santos Werneck no Morumbi, o Memorial de t\u00edtulos e gl\u00f3rias do S\u00e3o Paulo Futebol clube, leva o nome de um ilustr\u00edssimo advogado, conselheiro, diretor e presidente de conselho do clube. Tal honra se deve ao fato de Werneck ter sido o fiel escudeiro de C\u00edcero Pompeu de Toledo durante a constru\u00e7\u00e3o do Morumbi. Sobre Memorial\u00a0 Luiz C\u00e1ssio dos Santos Werneck no Morumbi Com a sequ\u00eancia de t\u00edtulos do clube na d\u00e9cada de 1990, surgiu a ideia de construir um memorial com a hist\u00f3ria do S\u00e3o Paulo Futebol Clube em 1993. No total, foram 14 conquistas, <\/p>\n","protected":false},"author":1,"featured_media":21825,"comment_status":"open","ping_status":"closed","sticky":false,"template":"","format":"standard","meta":{"footnotes":""},"categories":[5083],"tags":[],"class_list":["post-21824","post","type-post","status-publish","format-standard","has-post-thumbnail","hentry","category-lugares-no-morumbi","has_thumb"],"aioseo_notices":[],"_links":{"self":[{"href":"https:\/\/www.encontramorumbi.com.br\/sobre\/wp-json\/wp\/v2\/posts\/21824","targetHints":{"allow":["GET"]}}],"collection":[{"href":"https:\/\/www.encontramorumbi.com.br\/sobre\/wp-json\/wp\/v2\/posts"}],"about":[{"href":"https:\/\/www.encontramorumbi.com.br\/sobre\/wp-json\/wp\/v2\/types\/post"}],"author":[{"embeddable":true,"href":"https:\/\/www.encontramorumbi.com.br\/sobre\/wp-json\/wp\/v2\/users\/1"}],"replies":[{"embeddable":true,"href":"https:\/\/www.encontramorumbi.com.br\/sobre\/wp-json\/wp\/v2\/comments?post=21824"}],"version-history":[{"count":0,"href":"https:\/\/www.encontramorumbi.com.br\/sobre\/wp-json\/wp\/v2\/posts\/21824\/revisions"}],"wp:featuredmedia":[{"embeddable":true,"href":"https:\/\/www.encontramorumbi.com.br\/sobre\/wp-json\/wp\/v2\/media\/21825"}],"wp:attachment":[{"href":"https:\/\/www.encontramorumbi.com.br\/sobre\/wp-json\/wp\/v2\/media?parent=21824"}],"wp:term":[{"taxonomy":"category","embeddable":true,"href":"https:\/\/www.encontramorumbi.com.br\/sobre\/wp-json\/wp\/v2\/categories?post=21824"},{"taxonomy":"post_tag","embeddable":true,"href":"https:\/\/www.encontramorumbi.com.br\/sobre\/wp-json\/wp\/v2\/tags?post=21824"}],"curies":[{"name":"wp","href":"https:\/\/api.w.org\/{rel}","templated":true}]}}