{"id":21855,"date":"2019-04-22T20:16:57","date_gmt":"2019-04-22T23:16:57","guid":{"rendered":"http:\/\/www.encontramorumbi.com.br\/sobre\/?p=21855"},"modified":"2019-04-22T20:18:55","modified_gmt":"2019-04-22T23:18:55","slug":"praca-roberto-gomes-pedrosa","status":"publish","type":"post","link":"https:\/\/www.encontramorumbi.com.br\/sobre\/praca-roberto-gomes-pedrosa\/","title":{"rendered":"Pra\u00e7a Roberto Gomes Pedrosa"},"content":{"rendered":"<div class=\"668395cb997a874797677d9ee29f7b25\" data-index=\"1\" style=\"float: none; margin:0px;\">\n<!-- Anuncio display - global -->\r\n<ins class=\"adsbygoogle\"\r\n     style=\"display:block\"\r\n     data-ad-client=\"ca-pub-8585364105181520\"\r\n     data-ad-slot=\"8789329856\"\r\n     data-ad-format=\"auto\"\r\n     data-full-width-responsive=\"true\"><\/ins>\r\n<script>\r\n     (adsbygoogle = window.adsbygoogle || []).push({});\r\n<\/script>\n<\/div>\n<p><strong>Pra\u00e7a Roberto Gomes Pedrosa<\/strong> &#8211; Roberto Gomes Pedrosa (8 de junho de 1913, no Rio de Janeiro &#8211; 6 de janeiro de 1954, no Rio de Janeiro) foi um goleiro de futebol brasileiro. Tricampe\u00e3o carioca, em 1934, pelo Botafogo.<\/p>\n<p>Iniciou a carreira no Botafogo e foi convocado para disputar a Copa do Mundo de 1934 pela Sele\u00e7\u00e3o Brasileira de Futebol.<\/p>\n<p><img loading=\"lazy\" decoding=\"async\" class=\"alignnone wp-image-21857 size-full\" title=\"Pra\u00e7a Roberto Gomes Pedrosa\" src=\"https:\/\/www.encontramorumbi.com.br\/sobre\/wp-content\/uploads\/2019\/04\/praca-roberto-gomes-pedrosa.jpg\" alt=\"praca-roberto-gomes-pedrosa\" width=\"337\" height=\"253\" srcset=\"https:\/\/www.encontramorumbi.com.br\/sobre\/wp-content\/uploads\/2019\/04\/praca-roberto-gomes-pedrosa.jpg 337w, https:\/\/www.encontramorumbi.com.br\/sobre\/wp-content\/uploads\/2019\/04\/praca-roberto-gomes-pedrosa-300x225.jpg 300w\" sizes=\"auto, (max-width: 337px) 100vw, 337px\" \/><\/p>\n<h2>Sobre Pra\u00e7a Roberto Gomes Pedrosa no\u00a0Morumbi<\/h2>\n<p>Est\u00e1 localizado na frente do Est\u00e1dio do Morumbi a <strong>Pra\u00e7a<\/strong>\u00a0<strong>Roberto Gomes Pedrosa.<\/strong><\/p>\n<p><em>Roberto Gomes Pedrosa<\/em> ingressou no S\u00e3o Paulo FC em 12 de setembro de 1938 &#8211; data da fus\u00e3o com o Clube Atl\u00e9tico Estudante Paulista, do qual o futuro dirigente j\u00e1 fazia parte. \u00c0 \u00e9poca, Roberto Gomes Pedrosa defendeu as cores s\u00e3o-pa ulinas at\u00e9 1940.<\/p>\n<p>Em 1940, Roberto Gomes Pedrosa foi eleito Conselheiro do S\u00e3o Paulo. Em 1941, foi nomeado diretor do Departamento de Futebol e um ano depois recebeu o t\u00edtulo de S\u00f3cio Benem\u00e9rito. Em 1943, foi indicado Diretor do Departamento T\u00e9cnico da Federa\u00e7\u00e3o Paulista de Futebol (FPF); em 1944 ocupou o cargo de Secret\u00e1rio Geral da FPF; e em 1945, eleito membro do Conselho Regional de Desportos.<\/p>\n<p>Foi escolhido em 1946 para ocupar a presid\u00eancia do S\u00e3o Paulo FC e sua prof\u00edcua atua\u00e7\u00e3o deixou marcas indel\u00e9veis na vida do clube. Em 1947, foi eleito Presidente da Federa\u00e7\u00e3o Paulista de Futebol &#8211; cargo que exerceu at\u00e9 1954, ano de seu falecimento.<\/p>\n<p>Em 1967 foi criado o Torneio Roberto Gomes Pedrosa em homenagem ao ex- jogador e dirigente.<\/p>\n<h3>Hor\u00e1rio de Funcionamento Pra\u00e7a Roberto Gomes Pedrosa no\u00a0Morumbi<\/h3>\n<ul>\n<li>Local P\u00fablico aberto 24 horas<\/li>\n<\/ul>\n<h3>Endere\u00e7o<\/h3>\n<ul>\n<li>Pra\u00e7a Roberto Gomes Pedrosa &#8211; Morumbi &#8211; S\u00e3o Paulo &#8211; SP<\/li>\n<\/ul>\n<h4><img loading=\"lazy\" decoding=\"async\" class=\"alignnone wp-image-21858\" title=\"Vista A\u00e9rea Pra\u00e7a Roberto Gomes Pedrosa\" src=\"https:\/\/www.encontramorumbi.com.br\/sobre\/wp-content\/uploads\/2019\/04\/praca-roberto-gomes-pedrosa-aerea.jpg\" alt=\"praca-roberto-gomes-pedrosa-aerea\" width=\"487\" height=\"421\" srcset=\"https:\/\/www.encontramorumbi.com.br\/sobre\/wp-content\/uploads\/2019\/04\/praca-roberto-gomes-pedrosa-aerea.jpg 523w, https:\/\/www.encontramorumbi.com.br\/sobre\/wp-content\/uploads\/2019\/04\/praca-roberto-gomes-pedrosa-aerea-300x259.jpg 300w, https:\/\/www.encontramorumbi.com.br\/sobre\/wp-content\/uploads\/2019\/04\/praca-roberto-gomes-pedrosa-aerea-70x60.jpg 70w\" sizes=\"auto, (max-width: 487px) 100vw, 487px\" \/><\/h4>\n<h4>Mapa de localiza\u00e7\u00e3o<\/h4>\n<a class=\"wp-colorbox-iframe\" href=\"https:\/\/www.google.com\/maps\/embed?pb=!1m18!1m12!1m3!1d3656.168418965967!2d-46.72206518502159!3d-23.598292084664436!2m3!1f0!2f0!3f0!3m2!1i1024!2i768!4f13.1!3m3!1m2!1s0x94ce56c2c22ae5e90x9da9836b0b3dfe8!2sPraa+Roberto+Gomes+Pedrosa+-+Morumbi+So+Paulo+-+SP+05653-070!5e0!3m2!1spt-BR!2sbr!4v1555974821586!5m2!1spt-BR!2sbr\"><img decoding=\"async\" src=\"http:\/\/www.encontramorumbi.com.br\/imgs\/maps-post.png\"><\/a>\n\n<div style=\"font-size: 0px; height: 0px; line-height: 0px; margin: 0; padding: 0; clear: both;\"><\/div>","protected":false},"excerpt":{"rendered":"<p>Pra\u00e7a Roberto Gomes Pedrosa &#8211; Roberto Gomes Pedrosa (8 de junho de 1913, no Rio de Janeiro &#8211; 6 de janeiro de 1954, no Rio de Janeiro) foi um goleiro de futebol brasileiro. Tricampe\u00e3o carioca, em 1934, pelo Botafogo. Iniciou a carreira no Botafogo e foi convocado para disputar a Copa do Mundo de 1934 pela Sele\u00e7\u00e3o Brasileira de Futebol. Sobre Pra\u00e7a Roberto Gomes Pedrosa no\u00a0Morumbi Est\u00e1 localizado na frente do Est\u00e1dio do Morumbi a Pra\u00e7a\u00a0Roberto Gomes Pedrosa. Roberto Gomes Pedrosa ingressou no S\u00e3o Paulo FC em 12 de setembro de 1938 &#8211; data da fus\u00e3o com o Clube Atl\u00e9tico <\/p>\n","protected":false},"author":1,"featured_media":21857,"comment_status":"open","ping_status":"closed","sticky":false,"template":"","format":"standard","meta":{"footnotes":""},"categories":[5083],"tags":[],"class_list":["post-21855","post","type-post","status-publish","format-standard","has-post-thumbnail","hentry","category-lugares-no-morumbi","has_thumb"],"aioseo_notices":[],"_links":{"self":[{"href":"https:\/\/www.encontramorumbi.com.br\/sobre\/wp-json\/wp\/v2\/posts\/21855","targetHints":{"allow":["GET"]}}],"collection":[{"href":"https:\/\/www.encontramorumbi.com.br\/sobre\/wp-json\/wp\/v2\/posts"}],"about":[{"href":"https:\/\/www.encontramorumbi.com.br\/sobre\/wp-json\/wp\/v2\/types\/post"}],"author":[{"embeddable":true,"href":"https:\/\/www.encontramorumbi.com.br\/sobre\/wp-json\/wp\/v2\/users\/1"}],"replies":[{"embeddable":true,"href":"https:\/\/www.encontramorumbi.com.br\/sobre\/wp-json\/wp\/v2\/comments?post=21855"}],"version-history":[{"count":0,"href":"https:\/\/www.encontramorumbi.com.br\/sobre\/wp-json\/wp\/v2\/posts\/21855\/revisions"}],"wp:featuredmedia":[{"embeddable":true,"href":"https:\/\/www.encontramorumbi.com.br\/sobre\/wp-json\/wp\/v2\/media\/21857"}],"wp:attachment":[{"href":"https:\/\/www.encontramorumbi.com.br\/sobre\/wp-json\/wp\/v2\/media?parent=21855"}],"wp:term":[{"taxonomy":"category","embeddable":true,"href":"https:\/\/www.encontramorumbi.com.br\/sobre\/wp-json\/wp\/v2\/categories?post=21855"},{"taxonomy":"post_tag","embeddable":true,"href":"https:\/\/www.encontramorumbi.com.br\/sobre\/wp-json\/wp\/v2\/tags?post=21855"}],"curies":[{"name":"wp","href":"https:\/\/api.w.org\/{rel}","templated":true}]}}