{"id":22254,"date":"2025-11-27T07:05:00","date_gmt":"2025-11-27T10:05:00","guid":{"rendered":"https:\/\/www.encontramorumbi.com.br\/sobre\/agenda-sp-linkin-park-maria-gadu-e-estreia-de-pecas-e-festival-gratuito-movimentam-o-fim-de-semana\/"},"modified":"2025-11-27T07:05:00","modified_gmt":"2025-11-27T10:05:00","slug":"agenda-sp-linkin-park-maria-gadu-e-estreia-de-pecas-e-festival-gratuito-movimentam-o-fim-de-semana","status":"publish","type":"post","link":"https:\/\/www.encontramorumbi.com.br\/sobre\/agenda-sp-linkin-park-maria-gadu-e-estreia-de-pecas-e-festival-gratuito-movimentam-o-fim-de-semana\/","title":{"rendered":"Agenda SP: Linkin Park, Maria Gad\u00fa e estreia de pe\u00e7as e festival gratuito movimentam o fim de semana"},"content":{"rendered":"<div class=\"668395cb997a874797677d9ee29f7b25\" data-index=\"1\" style=\"float: none; margin:0px;\">\n<!-- Anuncio display - global -->\r\n<ins class=\"adsbygoogle\"\r\n     style=\"display:block\"\r\n     data-ad-client=\"ca-pub-8585364105181520\"\r\n     data-ad-slot=\"8789329856\"\r\n     data-ad-format=\"auto\"\r\n     data-full-width-responsive=\"true\"><\/ins>\r\n<script>\r\n     (adsbygoogle = window.adsbygoogle || []).push({});\r\n<\/script>\n<\/div>\n<h2>Shows Imperd\u00edveis em S\u00e3o Paulo<\/h2>\n<p>A cidade de S\u00e3o Paulo \u00e9 um reduto cultural vibrante, oferecendo uma infinidade de eventos que atendem a todos os gostos e idades. Neste fim de semana, a agenda est\u00e1 repleta de espet\u00e1culos imperd\u00edveis. Os amantes da m\u00fasica t\u00eam a oportunidade de ver artistas renomados, como Linkin Park e Maria Gad\u00fa, em apresenta\u00e7\u00f5es que prometem deixar uma marca permanente na mem\u00f3ria dos espectadores.<\/p>\n<p>Al\u00e9m dos grandes shows, a cidade tamb\u00e9m recebe um festival de cinema e uma s\u00e9rie de performances teatrais que refletem a diversidade cultural do Brasil. Portanto, se voc\u00ea est\u00e1 em S\u00e3o Paulo neste fim de semana, n\u00e3o falta op\u00e7\u00e3o para aproveitar a vida cultural que a cidade tem a oferecer.<\/p>\n<h2>Linkin Park e a Nova Fase<\/h2>\n<p>Um dos momentos mais esperados dos f\u00e3s de rock \u00e9 a apresenta\u00e7\u00e3o do Linkin Park no Est\u00e1dio do Morumbi. Neste s\u00e1bado, 8 de novembro de 2025, a banda realizar\u00e1 um show de sua nova turn\u00ea, <strong>From Zero World Tour<\/strong>, que promove o \u00e1lbum lan\u00e7ado em 2024.<\/p>\n<p><img decoding=\"async\" src=\"https:\/\/www.encontramorumbi.com.br\/sobre\/wp-content\/uploads\/2025\/12\/agenda-sp-linkin-park-maria-gadu-e-estreia-de-pecas-e-festival-gratuito-movimentam-o-fim-de-semana.webp\" alt=\"agenda sp\" loading=\"lazy\" \/><\/p>\n<p>A nova forma\u00e7\u00e3o da banda, agora com Emily Armstrong como vocalista, traz uma nova energia ao grupo, mantendo a ess\u00eancia que conquistou milh\u00f5es de f\u00e3s ao redor do mundo. O show n\u00e3o \u00e9 apenas uma celebra\u00e7\u00e3o da m\u00fasica, mas tamb\u00e9m um rein\u00edcio para a banda, prometendo uma performance que combina cl\u00e1ssicos atemporais com novas faixas.<\/p>\n<p>Os ingressos variam de R$ 750 a R$ 850, e a expectativa \u00e9 alta, com a certeza de que o p\u00fablico ir\u00e1 se ver envolvido por uma experi\u00eancia musical intensa e recheada de emo\u00e7\u00e3o.<\/p>\n<h2>Maria Gad\u00fa Celebra 30 Anos<\/h2>\n<p>A cantora Maria Gad\u00fa, uma das grandes vozes da m\u00fasica popular brasileira, celebra 30 anos de sucesso com um espet\u00e1culo especial no Tokio Marine Hall. No mesmo dia do show do Linkin Park, Maria Gad\u00fa subir\u00e1 ao palco \u00e0s 21h30, trazendo n\u00e3o apenas seus grandes sucessos, como tamb\u00e9m releituras de cl\u00e1ssicos da MPB.<\/p>\n<p>Com hits como \u201cDona Cila\u201d, \u201cShimbalai\u00ea\u201d e \u201cLanterna dos Afogados\u201d, a artista promete uma apresenta\u00e7\u00e3o emocionante que resgata a mem\u00f3ria da m\u00fasica brasileira e traz uma nova perspectiva sobre can\u00e7\u00f5es que fizeram hist\u00f3ria. Os ingressos para o show variam a partir de R$ 120. Essa \u00e9 uma \u00f3tima oportunidade para se conectar com a cultura nacional e apoiar um dos \u00edcones da m\u00fasica contempor\u00e2nea.<\/p>\n<h2>Festival Nicho Novembro<\/h2>\n<p>Em celebra\u00e7\u00e3o ao M\u00eas da Consci\u00eancia Negra, ocorre o <strong>7\u00ba Festival Nicho Novembro<\/strong>, um evento totalmente gratuito que promove a valoriza\u00e7\u00e3o do cinema negro brasileiro. O festival se estende at\u00e9 9 de novembro e \u00e9 uma oportunidade imperd\u00edvel para aqueles que desejam aprofundar seus conhecimentos sobre a cultura negra no Brasil.<\/p>\n<p>As exibi\u00e7\u00f5es acontecem em diversos locais da cidade, incluindo o Centro Cultural S\u00e3o Paulo e o Instituto Moreira Salles, com filmes que abrangem v\u00e1rias d\u00e9cadas e debatem quest\u00f5es contempor\u00e2neas sobre ra\u00e7a, g\u00eanero e representatividade. Este festival n\u00e3o s\u00f3 entret\u00e9m, mas tamb\u00e9m educa, apresentando um espa\u00e7o seguro para conversas essenciais sobre identidade e cultura.<\/p>\n<h2>Exibi\u00e7\u00f5es de Cinema Gratuitas<\/h2>\n<p>Al\u00e9m do Festival Nicho Novembro, haver\u00e1 diversas exibi\u00e7\u00f5es gratuitas de cinema em S\u00e3o Paulo, permitindo que todos tenham acesso a hist\u00f3rias que refletem a diversidade cultural da cidade. O cinema \u00e9 uma ferramenta poderosa de reflex\u00e3o e transforma\u00e7\u00e3o social, e participar dessas exibi\u00e7\u00f5es pode ser uma experi\u00eancia enriquecedora.<\/p>\n<p>Os locais variam, mas muitos filmes em cartaz s\u00e3o escolhidos cuidadosamente para impactar o p\u00fablico, apresentando tem\u00e1ticas que muitas vezes s\u00e3o negligenciadas nos c\u00edrculos tradicionais de cinema. Este \u00e9 um excelente momento para reunir amigos e familiares e participar de sess\u00f5es que proporcionam n\u00e3o apenas entretenimento, mas tamb\u00e9m uma profunda conex\u00e3o com as narrativas apresentadas.<\/p>\n<h2>Teatro e Performances ao Vivo<\/h2>\n<p>S\u00e3o Paulo tamb\u00e9m se destaca por seu vibrante cen\u00e1rio teatral, com uma programa\u00e7\u00e3o diversificada que atende a todos os gostos. Esta semana, destaca-se a pe\u00e7a <strong>&#8220;Marash&#8221;<\/strong>, que aborda a hist\u00f3ria da imigra\u00e7\u00e3o arm\u00eania no Brasil, explorando temas de mem\u00f3ria e identidade. Essa pe\u00e7a ser\u00e1 apresentada no Sesc Santo Amaro em datas espec\u00edficas, oferecendo uma nova perspectiva sobre um cap\u00edtulo muitas vezes esquecido da hist\u00f3ria.<\/p>\n<p>Al\u00e9m disso, outros espet\u00e1culos como <strong>&#8220;Katharine e o estranho caso do Dr Jekyll e do Sr Hyde&#8221;<\/strong> e <strong>&#8220;Etiqueta do Luto &#8211; Ningu\u00e9m Pergunta Nada \u00e0 M\u00e3e da Menina Morta&#8221;<\/strong> tamb\u00e9m est\u00e3o em cartaz, trazendo performances de alta qualidade que prometem cativar o p\u00fablico. A arte teatral \u00e9 uma forma incr\u00edvel de refletir sobre a condi\u00e7\u00e3o humana e a sociedade, e essas obras oferecem uma excelente oportunidade para explora\u00e7\u00e3o e entendimento.<\/p>\n<h2>Andrea Bocelli em SP<\/h2>\n<p>Outro grande destaque da agenda \u00e9 o aclamado tenor Andrea Bocelli, que se apresenta nos dias 21 e 22 de novembro na Mercado Livre Arena. Com um repert\u00f3rio que revisita os grandes sucessos da sua carreira, as apresenta\u00e7\u00f5es de Bocelli s\u00e3o sempre uma experi\u00eancia m\u00e1gica para os amantes da m\u00fasica cl\u00e1ssica e oper\u00edstica.<\/p>\n<p>Os ingressos variam de R$ 395 a R$ 5.135, refletindo a alta demanda e a exclusividade da apresenta\u00e7\u00e3o. Este \u00e9 um evento que promete ser uma celebra\u00e7\u00e3o da m\u00fasica, arte e emo\u00e7\u00e3o, permitindo que o p\u00fablico se delicie com a voz inconfund\u00edvel de um dos maiores artistas da atualidade.<\/p>\n<h2>Festival de M\u00fasica no Parque Villa-Lobos<\/h2>\n<p>O Parque Villa-Lobos ser\u00e1 o cen\u00e1rio de um festival de m\u00fasica sertaneja, com a presen\u00e7a imperd\u00edvel da cantora Lauana Prado. Agendado para o dia 8 de novembro, o evento promete um dia inteiro de divers\u00e3o e muita m\u00fasica boa, reunindo os f\u00e3s do g\u00eanero em um ambiente aberto e acolhedor.<\/p>\n<p>Com ingressos variando de R$ 180 a R$ 360, o festival \u00e9 uma excelente oportunidade para a fam\u00edlia e amigos se reunirem ao ar livre e celebraram a m\u00fasica sertaneja, al\u00e9m de desfrutar das belezas naturais do parque. Eventos como este destacam a rica cultura musical brasileira, oferecendo aos participantes uma experi\u00eancia \u00fanica e memor\u00e1vel.<\/p>\n<h2>M\u00fasica Cl\u00e1ssica com M\u00fasicos de Capella<\/h2>\n<p>A m\u00fasica cl\u00e1ssica tamb\u00e9m encontra seu espa\u00e7o na agenda cultural de S\u00e3o Paulo. O grupo Os M\u00fasicos de Capella realizar\u00e1 um concerto dedicado \u00e0 monumental obra de Bach, \u201cA Arte da Fuga\u201d. A apresenta\u00e7\u00e3o ocorrer\u00e1 no Teatro Iguatemi e promete trazer uma experi\u00eancia imersiva para os amantes da m\u00fasica barroca.<\/p>\n<p>Os ingressos custam R$ 132, com op\u00e7\u00f5es de meia entrada, tornando o evento acess\u00edvel para um p\u00fablico mais amplo. Este concerto \u00e9 uma chance incr\u00edvel para aqueles que desejam se aprofundar na obra de um dos maiores compositores da hist\u00f3ria, al\u00e9m de apreciar a habilidade t\u00e9cnica dos m\u00fasicos ao interpretarem preciosidades do repert\u00f3rio cl\u00e1ssico.<\/p>\n<h2>Caminhada Musical pelo Ipiranga<\/h2>\n<p>Por fim, o projeto \u201cCaminhada Musical\u201d prop\u00f5e uma s\u00e9rie de concertos gratuitos no Ipiranga, um dos bairros mais emblem\u00e1ticos de S\u00e3o Paulo. O evento acontecer\u00e1 no dia 9 de novembro e contar\u00e1 com apresenta\u00e7\u00f5es em v\u00e1rios espa\u00e7os simb\u00f3licos da regi\u00e3o, como a Capela Sagrada Fam\u00edlia e Santa Paulina.<\/p>\n<p>Com uma programa\u00e7\u00e3o diversificada ao longo do dia, a caminhada musical \u00e9 uma excelente atividade para a fam\u00edlia, promovendo cultura, arte e a hist\u00f3ria local. Como a entrada \u00e9 gratuita, esse projeto se torna uma excelente ocasi\u00e3o para aqueles que desejam vivenciar a m\u00fasica em um ambiente comunit\u00e1rio e acolhedor.<\/p>\n\n<div style=\"font-size: 0px; height: 0px; line-height: 0px; margin: 0; padding: 0; clear: both;\"><\/div>","protected":false},"excerpt":{"rendered":"<p>Agenda SP: Shows e festivais gratuitos agitam a capital paulista.<\/p>\n","protected":false},"author":1,"featured_media":22253,"comment_status":"closed","ping_status":"closed","sticky":false,"template":"","format":"standard","meta":{"footnotes":""},"categories":[3],"tags":[],"class_list":["post-22254","post","type-post","status-publish","format-standard","has-post-thumbnail","hentry","category-noticias-no-morumbi","has_thumb"],"aioseo_notices":[],"_links":{"self":[{"href":"https:\/\/www.encontramorumbi.com.br\/sobre\/wp-json\/wp\/v2\/posts\/22254","targetHints":{"allow":["GET"]}}],"collection":[{"href":"https:\/\/www.encontramorumbi.com.br\/sobre\/wp-json\/wp\/v2\/posts"}],"about":[{"href":"https:\/\/www.encontramorumbi.com.br\/sobre\/wp-json\/wp\/v2\/types\/post"}],"author":[{"embeddable":true,"href":"https:\/\/www.encontramorumbi.com.br\/sobre\/wp-json\/wp\/v2\/users\/1"}],"replies":[{"embeddable":true,"href":"https:\/\/www.encontramorumbi.com.br\/sobre\/wp-json\/wp\/v2\/comments?post=22254"}],"version-history":[{"count":0,"href":"https:\/\/www.encontramorumbi.com.br\/sobre\/wp-json\/wp\/v2\/posts\/22254\/revisions"}],"wp:featuredmedia":[{"embeddable":true,"href":"https:\/\/www.encontramorumbi.com.br\/sobre\/wp-json\/wp\/v2\/media\/22253"}],"wp:attachment":[{"href":"https:\/\/www.encontramorumbi.com.br\/sobre\/wp-json\/wp\/v2\/media?parent=22254"}],"wp:term":[{"taxonomy":"category","embeddable":true,"href":"https:\/\/www.encontramorumbi.com.br\/sobre\/wp-json\/wp\/v2\/categories?post=22254"},{"taxonomy":"post_tag","embeddable":true,"href":"https:\/\/www.encontramorumbi.com.br\/sobre\/wp-json\/wp\/v2\/tags?post=22254"}],"curies":[{"name":"wp","href":"https:\/\/api.w.org\/{rel}","templated":true}]}}