{"id":22427,"date":"2026-02-03T12:04:47","date_gmt":"2026-02-03T15:04:47","guid":{"rendered":"https:\/\/www.encontramorumbi.com.br\/sobre\/metro-de-sp-o-plano-de-r-54-bi-em-2026-para-expandir-3-linhas\/"},"modified":"2026-02-03T12:04:47","modified_gmt":"2026-02-03T15:04:47","slug":"metro-de-sp-o-plano-de-r-54-bi-em-2026-para-expandir-3-linhas","status":"publish","type":"post","link":"https:\/\/www.encontramorumbi.com.br\/sobre\/metro-de-sp-o-plano-de-r-54-bi-em-2026-para-expandir-3-linhas\/","title":{"rendered":"Metr\u00f4 de SP: o plano de R$ 5,4 bi em 2026 para expandir 3 linhas"},"content":{"rendered":"<div class=\"668395cb997a874797677d9ee29f7b25\" data-index=\"1\" style=\"float: none; margin:0px;\">\n<!-- Anuncio display - global -->\r\n<ins class=\"adsbygoogle\"\r\n     style=\"display:block\"\r\n     data-ad-client=\"ca-pub-8585364105181520\"\r\n     data-ad-slot=\"8789329856\"\r\n     data-ad-format=\"auto\"\r\n     data-full-width-responsive=\"true\"><\/ins>\r\n<script>\r\n     (adsbygoogle = window.adsbygoogle || []).push({});\r\n<\/script>\n<\/div>\n<h2>Or\u00e7amento Recorde para o Metr\u00f4 de SP<\/h2>\n<p>O governo de S\u00e3o Paulo, sob a administra\u00e7\u00e3o de Tarc\u00edsio de Freitas, anunciou um investimento in\u00e9dito para o Metr\u00f4 da cidade em 2026, com um or\u00e7amento total de <strong>R$ 5,4 bilh\u00f5es<\/strong>. Este montante apresenta um aumento de aproximadamente <strong>12%<\/strong> em compara\u00e7\u00e3o com os <strong>R$ 4,8 bilh\u00f5es<\/strong> destinados em 2025. Este or\u00e7amento hist\u00f3rico tem como objetivo principal a expans\u00e3o e moderniza\u00e7\u00e3o do sistema metrovi\u00e1rio da Grande S\u00e3o Paulo.<\/p>\n<h2>Expans\u00e3o da Linha 2-Verde<\/h2>\n<p>A Linha 2-Verde \u00e9 um dos projetos mais ambiciosos a receber investimentos substanciais. A proposta \u00e9 estender a linha de <strong>Vila Prudente at\u00e9 Guarulhos<\/strong>, acrescentando <strong>13,8 km<\/strong> de trilhos novos. Historicamente, a conex\u00e3o entre S\u00e3o Paulo e Guarulhos \u00e9 um desejo antigo, e a primeira fase da obra j\u00e1 alcan\u00e7ou uma execu\u00e7\u00e3o de <strong>mais de 55%<\/strong>. A primeira etapa incluir\u00e1 a constru\u00e7\u00e3o de <strong>oito esta\u00e7\u00f5es<\/strong>, com mais <strong>cinco na segunda fase<\/strong>.<\/p>\n<h2>Moderniza\u00e7\u00e3o do Sistema Metrovi\u00e1rio<\/h2>\n<p>A verba destinada \u00e0 moderniza\u00e7\u00e3o n\u00e3o se limita apenas \u00e0 expans\u00e3o de linhas. O governo paulista prev\u00ea investimentos em tecnologia para aprimorar a opera\u00e7\u00e3o das linhas existentes. Entre as moderniza\u00e7\u00f5es planejadas, est\u00e1 a instala\u00e7\u00e3o de um novo sistema chamado CBTC (Communication-Based Train Control), que promete aumentar a efici\u00eancia e a seguran\u00e7a na opera\u00e7\u00e3o dos trens.<\/p>\n<p><img decoding=\"async\" src=\"https:\/\/www.encontramorumbi.com.br\/sobre\/wp-content\/uploads\/2026\/02\/metro-de-sp-o-plano-de-r-5-4-bi-em-2026-para-expandir-3-linhas.webp\" alt=\"Metr\u00f4 de SP\" loading=\"lazy\" \/><\/p>\n<h2>Novas Esta\u00e7\u00f5es para o Metr\u00f4<\/h2>\n<p>Al\u00e9m da expans\u00e3o da Linha 2-Verde, outras linhas tamb\u00e9m receber\u00e3o melhorias. Na Linha 15-Prata, que atende a zona leste, o projeto de expans\u00e3o incluir\u00e1 um novo trecho entre <strong>Ipiranga e o Hospital Cidade Tiradentes<\/strong>, que contar\u00e1 com um aporte de <strong>R$ 1,03 bilh\u00f5es<\/strong> em 2026, um avan\u00e7o significativo em rela\u00e7\u00e3o aos <strong>R$ 629,5 milh\u00f5es<\/strong> destinados a 2025. A Linha 17-Ouro, que ligar\u00e1 o <strong>Aeroporto de Congonhas \u00e0 Esta\u00e7\u00e3o Morumbi<\/strong>, tamb\u00e9m receber\u00e1 aten\u00e7\u00e3o especial, com <strong>R$ 836,3 milh\u00f5es<\/strong> alocados para a finaliza\u00e7\u00e3o do trecho.<\/p>\n<h2>Investimento em Novas Linhas<\/h2>\n<p>O governo n\u00e3o apenas foca em expens\u00e3o e moderniza\u00e7\u00e3o, mas tamb\u00e9m no desenvolvimento de novas linhas. Ser\u00e3o utilizados recursos para dar seguimento a projetos como a Linha 19-Celeste, que est\u00e1 em fase de contrata\u00e7\u00e3o de obra, al\u00e9m das Linhas 20-Rosa e 22-Marrom, que visam conectar S\u00e3o Paulo a regi\u00f5es como Guarulhos, Osasco, ABC e Cotia. Esses projetos buscam expandir significativamente a malha metrovi\u00e1ria da Grande S\u00e3o Paulo.<\/p>\n<h2>Aquisi\u00e7\u00e3o de Novos Trens<\/h2>\n<p>Para suportar o aumento da demanda e melhorar a capacidade de transporte, o governo paulista tamb\u00e9m anunciou a compra de <strong>63 novos trens<\/strong>. Desses, <strong>19 ser\u00e3o destinados \u00e0 Linha 15-Prata<\/strong>, dos quais <strong>15 j\u00e1 foram entregues<\/strong>. Os restantes <strong>44 trens<\/strong> ser\u00e3o distribu\u00eddos entre as linhas 1-Azul, 2-Verde e 3-Vermelha. Esta aquisi\u00e7\u00e3o \u00e9 parte de um esfor\u00e7o cont\u00ednuo para oferecer uma experi\u00eancia de transporte mais adequada aos usu\u00e1rios.<\/p>\n<h2>Benef\u00edcios Sociais da Expans\u00e3o<\/h2>\n<p>A expans\u00e3o e moderniza\u00e7\u00e3o do Metr\u00f4 de SP t\u00eam um impacto direto na melhoria da qualidade de vida dos cidad\u00e3os. Com novas linhas e esta\u00e7\u00f5es, o acesso a diferentes regi\u00f5es da cidade se torna mais facilitado, reduzindo o tempo de deslocamento. Al\u00e9m disso, o aumento da efici\u00eancia do sistema de transporte p\u00fablico pode contribuir para a diminui\u00e7\u00e3o do n\u00famero de ve\u00edculos nas ruas, impactando positivamente a mobilidade urbana e a polui\u00e7\u00e3o.<\/p>\n<h2>Desafios a Serem Enfrentados<\/h2>\n<p>Apesar das expectativas otimistas, o projeto enfrenta diversos desafios. Entre eles, destacam-se a necessidade de garantir a seguran\u00e7a durante a constru\u00e7\u00e3o das novas linhas e esta\u00e7\u00f5es, al\u00e9m da resist\u00eancia de grupos que se op\u00f5em a algumas das mudan\u00e7as propostas. Al\u00e9m disso, a quest\u00e3o do financiamento \u00e9 crucial, pois o cumprimento do or\u00e7amento estabelecido depender\u00e1 da colabora\u00e7\u00e3o entre diferentes esferas do governo e da sociedade.<\/p>\n<h2>Impacto no Tr\u00e2nsito e Mobilidade<\/h2>\n<p>A implementa\u00e7\u00e3o deste robusto plano de expans\u00e3o do Metr\u00f4 \u00e9 esperada para oferecer um al\u00edvio significativo para o tr\u00e1fego intenso nas principais art\u00e9rias da cidade. Com novas conex\u00f5es, a expectativa \u00e9 que a multimodalidade do transporte seja ampliada, permitindo que os usu\u00e1rios realizem transbordos de forma mais eficaz entre diferentes meios de transporte, como \u00f4nibus e micro-\u00f4nibus, integrando o sistema de transporte p\u00fablico.<\/p>\n<h2>Contribui\u00e7\u00e3o para Sustentabilidade<\/h2>\n<p>O fortalecimento das linhas do Metr\u00f4 de S\u00e3o Paulo tamb\u00e9m est\u00e1 alinhado com os objetivos de sustentabilidade da cidade. A maior utiliza\u00e7\u00e3o do transporte p\u00fablico em detrimento da utiliza\u00e7\u00e3o de ve\u00edculos particulares pode significar uma redu\u00e7\u00e3o nas emiss\u00f5es de carbono, contribuindo para um ambiente urbano mais limpo e saud\u00e1vel. Al\u00e9m disso, o investimento na infraestrutura pode impulsionar o desenvolvimento econ\u00f4mico em \u00e1reas antes menos acess\u00edveis, promovendo tamb\u00e9m um crescimento mais sustent\u00e1vel em regi\u00f5es perif\u00e9ricas.<\/p>\n\n<div style=\"font-size: 0px; height: 0px; line-height: 0px; margin: 0; padding: 0; clear: both;\"><\/div>","protected":false},"excerpt":{"rendered":"<p>O Metr\u00f4 de SP apresenta um plano de R$ 5,4 bi, o maior da hist\u00f3ria.<\/p>\n","protected":false},"author":1,"featured_media":22426,"comment_status":"closed","ping_status":"closed","sticky":false,"template":"","format":"standard","meta":{"footnotes":""},"categories":[3],"tags":[],"class_list":["post-22427","post","type-post","status-publish","format-standard","has-post-thumbnail","hentry","category-noticias-no-morumbi","has_thumb"],"aioseo_notices":[],"_links":{"self":[{"href":"https:\/\/www.encontramorumbi.com.br\/sobre\/wp-json\/wp\/v2\/posts\/22427","targetHints":{"allow":["GET"]}}],"collection":[{"href":"https:\/\/www.encontramorumbi.com.br\/sobre\/wp-json\/wp\/v2\/posts"}],"about":[{"href":"https:\/\/www.encontramorumbi.com.br\/sobre\/wp-json\/wp\/v2\/types\/post"}],"author":[{"embeddable":true,"href":"https:\/\/www.encontramorumbi.com.br\/sobre\/wp-json\/wp\/v2\/users\/1"}],"replies":[{"embeddable":true,"href":"https:\/\/www.encontramorumbi.com.br\/sobre\/wp-json\/wp\/v2\/comments?post=22427"}],"version-history":[{"count":0,"href":"https:\/\/www.encontramorumbi.com.br\/sobre\/wp-json\/wp\/v2\/posts\/22427\/revisions"}],"wp:featuredmedia":[{"embeddable":true,"href":"https:\/\/www.encontramorumbi.com.br\/sobre\/wp-json\/wp\/v2\/media\/22426"}],"wp:attachment":[{"href":"https:\/\/www.encontramorumbi.com.br\/sobre\/wp-json\/wp\/v2\/media?parent=22427"}],"wp:term":[{"taxonomy":"category","embeddable":true,"href":"https:\/\/www.encontramorumbi.com.br\/sobre\/wp-json\/wp\/v2\/categories?post=22427"},{"taxonomy":"post_tag","embeddable":true,"href":"https:\/\/www.encontramorumbi.com.br\/sobre\/wp-json\/wp\/v2\/tags?post=22427"}],"curies":[{"name":"wp","href":"https:\/\/api.w.org\/{rel}","templated":true}]}}