{"id":22680,"date":"2026-05-08T11:21:08","date_gmt":"2026-05-08T14:21:08","guid":{"rendered":"https:\/\/www.encontramorumbi.com.br\/sobre\/afif-destaca-avancos-do-governo-de-sp\/"},"modified":"2026-05-08T11:21:08","modified_gmt":"2026-05-08T14:21:08","slug":"afif-destaca-avancos-do-governo-de-sp","status":"publish","type":"post","link":"https:\/\/www.encontramorumbi.com.br\/sobre\/afif-destaca-avancos-do-governo-de-sp\/","title":{"rendered":"Afif destaca avan\u00e7os do Governo de SP"},"content":{"rendered":"<div class=\"668395cb997a874797677d9ee29f7b25\" data-index=\"1\" style=\"float: none; margin:0px;\">\n<!-- Anuncio display - global -->\r\n<ins class=\"adsbygoogle\"\r\n     style=\"display:block\"\r\n     data-ad-client=\"ca-pub-8585364105181520\"\r\n     data-ad-slot=\"8789329856\"\r\n     data-ad-format=\"auto\"\r\n     data-full-width-responsive=\"true\"><\/ins>\r\n<script>\r\n     (adsbygoogle = window.adsbygoogle || []).push({});\r\n<\/script>\n<\/div>\n<h2>Novo Centro Administrativo: Transforma\u00e7\u00e3o e Desafios<\/h2>\n<p>No m\u00eas de fevereiro, ocorreu o leil\u00e3o para a constru\u00e7\u00e3o do Novo Centro Administrativo em S\u00e3o Paulo. Este projeto ambicioso prev\u00ea que a sede do governo estadual, atualmente localizadas em locais dispersos como Morumbi, ser\u00e1 transferida para a regi\u00e3o central da cidade. O vencedor do leil\u00e3o, o Cons\u00f3rcio MEZ-RZK Novo Centro, obteve um desconto de 9,62% na mensalidade de R$ 76,6 milh\u00f5es ao longo de 30 anos. Com um investimento estimado em R$ 6 bilh\u00f5es, o governo paulista e o setor privado compartilhar\u00e3o os custos dessa empreitada.<\/p>\n<p>Essa mudan\u00e7a visa n\u00e3o apenas centralizar as opera\u00e7\u00f5es, mas tamb\u00e9m revitalizar uma \u00e1rea que foi um s\u00edmbolo econ\u00f4mico e cultural. O secret\u00e1rio Guilherme Afif Domingos enfatizou a import\u00e2ncia de revitalizar o centro, afirmando que &#8220;o centro de S\u00e3o Paulo j\u00e1 foi s\u00edmbolo de desenvolvimento. Recuperar essa regi\u00e3o \u00e9 recuperar a cidade como um todo&#8221;. O projeto, ao reunir cerca de 22 mil servidores em estruturas modernas, tamb\u00e9m busca otimizar os custos operacionais e impulsionar a economia local.<\/p>\n<p>Al\u00e9m da reorganiza\u00e7\u00e3o administrativa, o projeto inclui a requalifica\u00e7\u00e3o urbana do entorno, preserva\u00e7\u00e3o de patrim\u00f4nios hist\u00f3ricos, desenvolvimento de \u00e1reas culturais e fomento \u00e0 habita\u00e7\u00e3o. Afif mencionou que &#8220;o centro precisa de gente morando. Onde n\u00e3o h\u00e1 ocupa\u00e7\u00e3o, h\u00e1 degrada\u00e7\u00e3o&#8221;.<\/p>\n<p><img decoding=\"async\" src=\"https:\/\/www.encontramorumbi.com.br\/sobre\/wp-content\/uploads\/2026\/05\/afif-destaca-avancos-do-governo-de-sp.webp\" alt=\"avan\u00e7os do governo de SP\" loading=\"lazy\" \/><\/p>\n<h2>Mobilidade Urbana: O Futuro do Transporte em SP<\/h2>\n<p>A mobilidade urbana \u00e9 uma das prioridades da gest\u00e3o atual. Afif come\u00e7ou destacando a relev\u00e2ncia do transporte ferrovi\u00e1rio como solu\u00e7\u00e3o para aliviar o tr\u00e1fego rodovi\u00e1rio. Ele fez alus\u00e3o ao projeto do Trem Intercidades (TIC), que j\u00e1 est\u00e1 em andamento, com o objetivo de conectar melhor as diversas regi\u00f5es do estado e oferecer alternativas mais sustent\u00e1veis de transporte.<\/p>\n<p>Essa iniciativa n\u00e3o s\u00f3 promete melhorar a efici\u00eancia do transporte intermunicipal, mas tamb\u00e9m planeja apoiar os deslocamentos di\u00e1rios de trabalhadores. A ideia \u00e9 fortalecer a interliga\u00e7\u00e3o entre diferentes modais de transporte, como metr\u00f4s e \u00f4nibus, promovendo um sistema de transporte mais integrado.<\/p>\n<h2>Seguran\u00e7a P\u00fablica: Aumento do Policiamento e Resultados<\/h2>\n<p>O secret\u00e1rio tamb\u00e9m destacou a import\u00e2ncia das medidas adotadas em seguran\u00e7a p\u00fablica, que foram fundamentais para a recupera\u00e7\u00e3o do centro de S\u00e3o Paulo. A gest\u00e3o atual investiu na amplia\u00e7\u00e3o do policiamento, al\u00e9m de instalar uma central da Pol\u00edcia Militar na regi\u00e3o. Essas a\u00e7\u00f5es t\u00eam demonstrado resultados positivos, com a sensa\u00e7\u00e3o de seguran\u00e7a aumentando entre os cidad\u00e3os e a queda nos \u00edndices de criminalidade.<\/p>\n<p>Essas iniciativas s\u00e3o parte de uma estrat\u00e9gia mais ampla de garantir que as reformas urbanas sejam acompanhadas de um ambiente seguro para os residentes e visitantes. A sinergia entre seguran\u00e7a e urbanismo \u00e9 crucial para o sucesso do Novo Centro Administrativo.<\/p>\n<h2>Integra\u00e7\u00e3o Cultural: Conectando Espa\u00e7os em SP<\/h2>\n<p>Um dos pontos centrais do projeto de revitaliza\u00e7\u00e3o do centro \u00e9 a integra\u00e7\u00e3o cultural. O Novo Centro Administrativo n\u00e3o se limita apenas \u00e0 gest\u00e3o p\u00fablica, mas prop\u00f5e a unifica\u00e7\u00e3o de importantes equipamentos culturais, como a Sala S\u00e3o Paulo, a Pinacoteca, o Museu da L\u00edngua Portuguesa e o Jardim da Luz. Essa conex\u00e3o criar\u00e1 um circuito cultural, promovendo a cultura e a educa\u00e7\u00e3o.<\/p>\n<p>Esse circuito cultural ser\u00e1 acess\u00edvel e incentiva a visita\u00e7\u00e3o, al\u00e9m de potencializar a intera\u00e7\u00e3o entre art\u00edsticas e a comunidade, fomentando um ambiente vibrante e din\u00e2mico. A proposta ainda inclui a restaura\u00e7\u00e3o e preserva\u00e7\u00e3o de im\u00f3veis hist\u00f3ricos, contribuindo para a riqueza cultural da cidade.<\/p>\n<h2>Os Custos Engatilhados na Nova Infraestrutura<\/h2>\n<p>O investimento de R$ 6 bilh\u00f5es no Novo Centro Administrativo gerar\u00e1 empregos durante a constru\u00e7\u00e3o e ap\u00f3s a sua conclus\u00e3o. A expectativa \u00e9 que a centraliza\u00e7\u00e3o de servi\u00e7os estaduais resulte em economias operacionais significativas, al\u00e9m de impulsionar a cria\u00e7\u00e3o de novos postos de trabalho na \u00e1rea circundante. No entanto, \u00e9 preciso acompanhar de perto como esses recursos ser\u00e3o utilizados para garantir a efici\u00eancia e a transpar\u00eancia deste grande projeto.<\/p>\n<p>\u00c9 importante que a colabora\u00e7\u00e3o entre o governo e o setor privado seja bem coordenada, prevendo tamb\u00e9m os riscos financeiros associados \u00e0 obra, incluindo cronogramas e a qualidade do trabalho executado.<\/p>\n<h2>Uma Nova Era Administrativa: Servidores em Foco<\/h2>\n<p>Uma das grandes contribui\u00e7\u00f5es do Novo Centro Administrativo ser\u00e1 a cria\u00e7\u00e3o de um ambiente moderno e eficiente para os 22 mil servidores que nele trabalhar\u00e3o. Novas tecnologias e estruturas adequadas facilitar\u00e3o a gest\u00e3o p\u00fablica, oferecendo melhores condi\u00e7\u00f5es de trabalho.<\/p>\n<p>Com um foco em inova\u00e7\u00e3o e efici\u00eancia, a administra\u00e7\u00e3o busca n\u00e3o apenas melhorar a qualidade dos servi\u00e7os prestados ao cidad\u00e3o, mas tamb\u00e9m oferecer um espa\u00e7o que valorize o trabalho dos servidores p\u00fablicos, refletindo em uma postura proativa em suas fun\u00e7\u00f5es.<\/p>\n<h2>Preserva\u00e7\u00e3o do Patrim\u00f4nio Hist\u00f3rico: Um Compromisso<\/h2>\n<p>A preserva\u00e7\u00e3o de edif\u00edcios hist\u00f3ricos \u00e9 um dos pilares do projeto. O governo se comprometeu a restaurar e manter os im\u00f3veis considerados patrim\u00f4nio cultural, garantindo que a hist\u00f3ria da cidade n\u00e3o seja olvidada em meio \u00e0s mudan\u00e7as urbanas.<\/p>\n<p>Esse comprometimento com o patrim\u00f4nio reflete em a\u00e7\u00f5es que buscam n\u00e3o apenas restaurar a beleza arquitet\u00f4nica, mas tamb\u00e9m narrar a trajet\u00f3ria da cidade, tornando-a parte integrante da identidade cultural paulista.<\/p>\n<h2>Desenvolvimento Econ\u00f4mico: Impactos no Com\u00e9rcio Local<\/h2>\n<p>A revitaliza\u00e7\u00e3o do centro de S\u00e3o Paulo promete trazer significativos impactos positivos na economia local. Com a centraliza\u00e7\u00e3o dos servi\u00e7os e a atra\u00e7\u00e3o de novas empresas, espera-se um aumento nos investimentos e na atividade econ\u00f4mica na regi\u00e3o.<\/p>\n<p>As medidas j\u00e1 implementadas, como a melhoria de infraestrutura e o aumento do policiamento, s\u00e3o passos fundamentais para criar um ambiente favor\u00e1vel aos neg\u00f3cios, estimulando o com\u00e9rcio local e incentivando novas iniciativas empreendedoras. O crescimento econ\u00f4mico ser\u00e1 um reflexo direto da revitaliza\u00e7\u00e3o das \u00e1reas urbanas.<\/p>\n<h2>Parcerias com a Iniciativa Privada: Oportunidades e Riscos<\/h2>\n<p>O projeto do Novo Centro Administrativo implica uma forte parceria entre o governo e a iniciativa privada. Essas colabora\u00e7\u00f5es s\u00e3o essenciais para conseguir os recursos necess\u00e1rios e garantir a execu\u00e7\u00e3o de um projeto dessa magnitude. No entanto, \u00e9 vital que essas parcerias sejam estabelecidas com transpar\u00eancia e objetivos claros.<\/p>\n<p>A administra\u00e7\u00e3o deve proporcionar um ambiente que fomente essas iniciativas, mas sempre acompanhando de perto cada etapa do processo. A experi\u00eancia em projetos anteriores pode servir de li\u00e7\u00e3o para evitar armadilhas financeiras e garantir resultados eficazes em benef\u00edcio da popula\u00e7\u00e3o.<\/p>\n<h2>Vis\u00e3o de Futuro: Recuperando o Centro de SP<\/h2>\n<p>O futuro do centro de S\u00e3o Paulo se apresenta como uma nova era, carregada de esperan\u00e7a e possibilidades. A vis\u00e3o \u00e9 de um espa\u00e7o revitalizado, onde as pessoas trabalham, moram e se divertem. O centro volta a ser um marco de desenvolvimento e um polo atrativo para investidores e cidad\u00e3os.<\/p>\n<p>Com as iniciativas descritas, o governo paulista, sob a lideran\u00e7a do governador Tarc\u00edsio de Freitas e com o apoio de Guilherme Afif e do PSD, est\u00e1 empenhado em transformar essa vis\u00e3o em realidade, governando com responsabilidade e priorizando as necessidades e expectativas da popula\u00e7\u00e3o.<\/p>\n\n<div style=\"font-size: 0px; height: 0px; line-height: 0px; margin: 0; padding: 0; clear: both;\"><\/div>","protected":false},"excerpt":{"rendered":"<p>Avan\u00e7os do Governo de SP s\u00e3o discutidos por Afif em entrevista.<\/p>\n","protected":false},"author":1,"featured_media":22679,"comment_status":"closed","ping_status":"closed","sticky":false,"template":"","format":"standard","meta":{"footnotes":""},"categories":[3],"tags":[],"class_list":["post-22680","post","type-post","status-publish","format-standard","has-post-thumbnail","hentry","category-noticias-no-morumbi","has_thumb"],"aioseo_notices":[],"aioseo_head":"\n\t\t<!-- All in One SEO 5.0.0.1 - aioseo.com -->\n\t<meta name=\"description\" content=\"Avan\u00e7os do Governo de SP s\u00e3o discutidos por Afif em entrevista.\" \/>\n\t<meta name=\"robots\" content=\"max-image-preview:large\" \/>\n\t<meta name=\"author\" content=\"Not\u00edcias do bairro Morumbi\"\/>\n\t<link rel=\"canonical\" href=\"https:\/\/www.encontramorumbi.com.br\/sobre\/afif-destaca-avancos-do-governo-de-sp\/\" \/>\n\t<meta name=\"generator\" content=\"All in One SEO (AIOSEO) 5.0.0.1\" \/>\n\t\t<meta property=\"og:locale\" content=\"pt_BR\" \/>\n\t\t<meta property=\"og:site_name\" content=\"Encontra Morumbi | Not\u00edcias, eventos, informa\u00e7\u00f5es e dicas no bairro do Morumbi e regi\u00e3o.\" \/>\n\t\t<meta property=\"og:type\" content=\"article\" \/>\n\t\t<meta property=\"og:title\" content=\"Afif destaca avan\u00e7os do Governo de SP | Encontra Morumbi\" \/>\n\t\t<meta property=\"og:description\" content=\"Avan\u00e7os do Governo de SP s\u00e3o discutidos por Afif em entrevista.\" \/>\n\t\t<meta property=\"og:url\" content=\"https:\/\/www.encontramorumbi.com.br\/sobre\/afif-destaca-avancos-do-governo-de-sp\/\" \/>\n\t\t<meta property=\"article:published_time\" content=\"2026-05-08T14:21:08+00:00\" \/>\n\t\t<meta property=\"article:modified_time\" content=\"2026-05-08T14:21:08+00:00\" \/>\n\t\t<meta name=\"twitter:card\" content=\"summary\" \/>\n\t\t<meta name=\"twitter:title\" content=\"Afif destaca avan\u00e7os do Governo de SP | Encontra Morumbi\" \/>\n\t\t<meta name=\"twitter:description\" content=\"Avan\u00e7os do Governo de SP s\u00e3o discutidos por Afif em entrevista.\" \/>\n\t\t<script type=\"application\/ld+json\" class=\"aioseo-schema\">\n\t\t\t{\"@context\":\"https:\\\/\\\/schema.org\",\"@graph\":[{\"@type\":\"Article\",\"@id\":\"https:\\\/\\\/www.encontramorumbi.com.br\\\/sobre\\\/afif-destaca-avancos-do-governo-de-sp\\\/#article\",\"name\":\"Afif destaca avan\\u00e7os do Governo de SP | Encontra Morumbi\",\"headline\":\"Afif destaca avan\\u00e7os do Governo de SP\",\"author\":{\"@id\":\"https:\\\/\\\/www.encontramorumbi.com.br\\\/sobre\\\/author\\\/emorumbi\\\/#author\"},\"publisher\":{\"@id\":\"https:\\\/\\\/www.encontramorumbi.com.br\\\/sobre\\\/#organization\"},\"image\":{\"@type\":\"ImageObject\",\"url\":\"https:\\\/\\\/www.encontramorumbi.com.br\\\/sobre\\\/wp-content\\\/uploads\\\/2026\\\/05\\\/afif-destaca-avancos-do-governo-de-sp.webp\",\"width\":280,\"height\":280,\"caption\":\"avan\\u00e7os do governo de SP\"},\"datePublished\":\"2026-05-08T11:21:08-03:00\",\"dateModified\":\"2026-05-08T11:21:08-03:00\",\"inLanguage\":\"pt-BR\",\"mainEntityOfPage\":{\"@id\":\"https:\\\/\\\/www.encontramorumbi.com.br\\\/sobre\\\/afif-destaca-avancos-do-governo-de-sp\\\/#webpage\"},\"isPartOf\":{\"@id\":\"https:\\\/\\\/www.encontramorumbi.com.br\\\/sobre\\\/afif-destaca-avancos-do-governo-de-sp\\\/#webpage\"},\"articleSection\":\"Not\\u00edcias Morumbi\"},{\"@type\":\"BreadcrumbList\",\"@id\":\"https:\\\/\\\/www.encontramorumbi.com.br\\\/sobre\\\/afif-destaca-avancos-do-governo-de-sp\\\/#breadcrumblist\",\"itemListElement\":[{\"@type\":\"ListItem\",\"@id\":\"https:\\\/\\\/www.encontramorumbi.com.br\\\/sobre#listItem\",\"position\":1,\"name\":\"In\\u00edcio\",\"item\":\"https:\\\/\\\/www.encontramorumbi.com.br\\\/sobre\",\"nextItem\":{\"@type\":\"ListItem\",\"@id\":\"https:\\\/\\\/www.encontramorumbi.com.br\\\/sobre\\\/noticias-no-morumbi\\\/#listItem\",\"name\":\"Not\\u00edcias Morumbi\"}},{\"@type\":\"ListItem\",\"@id\":\"https:\\\/\\\/www.encontramorumbi.com.br\\\/sobre\\\/noticias-no-morumbi\\\/#listItem\",\"position\":2,\"name\":\"Not\\u00edcias Morumbi\",\"item\":\"https:\\\/\\\/www.encontramorumbi.com.br\\\/sobre\\\/noticias-no-morumbi\\\/\",\"nextItem\":{\"@type\":\"ListItem\",\"@id\":\"https:\\\/\\\/www.encontramorumbi.com.br\\\/sobre\\\/afif-destaca-avancos-do-governo-de-sp\\\/#listItem\",\"name\":\"Afif destaca avan\\u00e7os do Governo de SP\"},\"previousItem\":{\"@type\":\"ListItem\",\"@id\":\"https:\\\/\\\/www.encontramorumbi.com.br\\\/sobre#listItem\",\"name\":\"In\\u00edcio\"}},{\"@type\":\"ListItem\",\"@id\":\"https:\\\/\\\/www.encontramorumbi.com.br\\\/sobre\\\/afif-destaca-avancos-do-governo-de-sp\\\/#listItem\",\"position\":3,\"name\":\"Afif destaca avan\\u00e7os do Governo de SP\",\"previousItem\":{\"@type\":\"ListItem\",\"@id\":\"https:\\\/\\\/www.encontramorumbi.com.br\\\/sobre\\\/noticias-no-morumbi\\\/#listItem\",\"name\":\"Not\\u00edcias Morumbi\"}}]},{\"@type\":\"Organization\",\"@id\":\"https:\\\/\\\/www.encontramorumbi.com.br\\\/sobre\\\/#organization\",\"name\":\"Encontra Morumbi\",\"description\":\"Not\\u00edcias, eventos, informa\\u00e7\\u00f5es e dicas no bairro do Morumbi e regi\\u00e3o.\",\"url\":\"https:\\\/\\\/www.encontramorumbi.com.br\\\/sobre\\\/\"},{\"@type\":\"Person\",\"@id\":\"https:\\\/\\\/www.encontramorumbi.com.br\\\/sobre\\\/author\\\/emorumbi\\\/#author\",\"url\":\"https:\\\/\\\/www.encontramorumbi.com.br\\\/sobre\\\/author\\\/emorumbi\\\/\",\"name\":\"Not\\u00edcias do bairro Morumbi\",\"image\":{\"@type\":\"ImageObject\",\"@id\":\"https:\\\/\\\/www.encontramorumbi.com.br\\\/sobre\\\/afif-destaca-avancos-do-governo-de-sp\\\/#authorImage\",\"url\":\"https:\\\/\\\/secure.gravatar.com\\\/avatar\\\/0fbed662e37531ae23e68f85f9517b2454e50c1dfebf80eb9b721449ac95e0b9?s=96&d=mm&r=g\",\"width\":96,\"height\":96,\"caption\":\"Not\\u00edcias do bairro Morumbi\"}},{\"@type\":\"WebPage\",\"@id\":\"https:\\\/\\\/www.encontramorumbi.com.br\\\/sobre\\\/afif-destaca-avancos-do-governo-de-sp\\\/#webpage\",\"url\":\"https:\\\/\\\/www.encontramorumbi.com.br\\\/sobre\\\/afif-destaca-avancos-do-governo-de-sp\\\/\",\"name\":\"Afif destaca avan\\u00e7os do Governo de SP | Encontra Morumbi\",\"description\":\"Avan\\u00e7os do Governo de SP s\\u00e3o discutidos por Afif em entrevista.\",\"inLanguage\":\"pt-BR\",\"isPartOf\":{\"@id\":\"https:\\\/\\\/www.encontramorumbi.com.br\\\/sobre\\\/#website\"},\"breadcrumb\":{\"@id\":\"https:\\\/\\\/www.encontramorumbi.com.br\\\/sobre\\\/afif-destaca-avancos-do-governo-de-sp\\\/#breadcrumblist\"},\"author\":{\"@id\":\"https:\\\/\\\/www.encontramorumbi.com.br\\\/sobre\\\/author\\\/emorumbi\\\/#author\"},\"creator\":{\"@id\":\"https:\\\/\\\/www.encontramorumbi.com.br\\\/sobre\\\/author\\\/emorumbi\\\/#author\"},\"image\":{\"@type\":\"ImageObject\",\"url\":\"https:\\\/\\\/www.encontramorumbi.com.br\\\/sobre\\\/wp-content\\\/uploads\\\/2026\\\/05\\\/afif-destaca-avancos-do-governo-de-sp.webp\",\"@id\":\"https:\\\/\\\/www.encontramorumbi.com.br\\\/sobre\\\/afif-destaca-avancos-do-governo-de-sp\\\/#mainImage\",\"width\":280,\"height\":280,\"caption\":\"avan\\u00e7os do governo de SP\"},\"primaryImageOfPage\":{\"@id\":\"https:\\\/\\\/www.encontramorumbi.com.br\\\/sobre\\\/afif-destaca-avancos-do-governo-de-sp\\\/#mainImage\"},\"datePublished\":\"2026-05-08T11:21:08-03:00\",\"dateModified\":\"2026-05-08T11:21:08-03:00\"},{\"@type\":\"WebSite\",\"@id\":\"https:\\\/\\\/www.encontramorumbi.com.br\\\/sobre\\\/#website\",\"url\":\"https:\\\/\\\/www.encontramorumbi.com.br\\\/sobre\\\/\",\"name\":\"Encontra Morumbi\",\"description\":\"Not\\u00edcias, eventos, informa\\u00e7\\u00f5es e dicas no bairro do Morumbi e regi\\u00e3o.\",\"inLanguage\":\"pt-BR\",\"publisher\":{\"@id\":\"https:\\\/\\\/www.encontramorumbi.com.br\\\/sobre\\\/#organization\"}}]}\n\t\t<\/script>\n\t\t<!-- All in One SEO -->\n\n","aioseo_head_json":{"title":"Afif destaca avan\u00e7os do Governo de SP | Encontra Morumbi","description":"Avan\u00e7os do Governo de SP s\u00e3o discutidos por Afif em entrevista.","canonical_url":"https:\/\/www.encontramorumbi.com.br\/sobre\/afif-destaca-avancos-do-governo-de-sp\/","robots":"max-image-preview:large","keywords":"","webmasterTools":{"miscellaneous":""},"schema":{"@context":"https:\/\/schema.org","@graph":[{"@type":"Article","@id":"https:\/\/www.encontramorumbi.com.br\/sobre\/afif-destaca-avancos-do-governo-de-sp\/#article","name":"Afif destaca avan\u00e7os do Governo de SP | Encontra Morumbi","headline":"Afif destaca avan\u00e7os do Governo de SP","author":{"@id":"https:\/\/www.encontramorumbi.com.br\/sobre\/author\/emorumbi\/#author"},"publisher":{"@id":"https:\/\/www.encontramorumbi.com.br\/sobre\/#organization"},"image":{"@type":"ImageObject","url":"https:\/\/www.encontramorumbi.com.br\/sobre\/wp-content\/uploads\/2026\/05\/afif-destaca-avancos-do-governo-de-sp.webp","width":280,"height":280,"caption":"avan\u00e7os do governo de SP"},"datePublished":"2026-05-08T11:21:08-03:00","dateModified":"2026-05-08T11:21:08-03:00","inLanguage":"pt-BR","mainEntityOfPage":{"@id":"https:\/\/www.encontramorumbi.com.br\/sobre\/afif-destaca-avancos-do-governo-de-sp\/#webpage"},"isPartOf":{"@id":"https:\/\/www.encontramorumbi.com.br\/sobre\/afif-destaca-avancos-do-governo-de-sp\/#webpage"},"articleSection":"Not\u00edcias Morumbi"},{"@type":"BreadcrumbList","@id":"https:\/\/www.encontramorumbi.com.br\/sobre\/afif-destaca-avancos-do-governo-de-sp\/#breadcrumblist","itemListElement":[{"@type":"ListItem","@id":"https:\/\/www.encontramorumbi.com.br\/sobre#listItem","position":1,"name":"In\u00edcio","item":"https:\/\/www.encontramorumbi.com.br\/sobre","nextItem":{"@type":"ListItem","@id":"https:\/\/www.encontramorumbi.com.br\/sobre\/noticias-no-morumbi\/#listItem","name":"Not\u00edcias Morumbi"}},{"@type":"ListItem","@id":"https:\/\/www.encontramorumbi.com.br\/sobre\/noticias-no-morumbi\/#listItem","position":2,"name":"Not\u00edcias Morumbi","item":"https:\/\/www.encontramorumbi.com.br\/sobre\/noticias-no-morumbi\/","nextItem":{"@type":"ListItem","@id":"https:\/\/www.encontramorumbi.com.br\/sobre\/afif-destaca-avancos-do-governo-de-sp\/#listItem","name":"Afif destaca avan\u00e7os do Governo de SP"},"previousItem":{"@type":"ListItem","@id":"https:\/\/www.encontramorumbi.com.br\/sobre#listItem","name":"In\u00edcio"}},{"@type":"ListItem","@id":"https:\/\/www.encontramorumbi.com.br\/sobre\/afif-destaca-avancos-do-governo-de-sp\/#listItem","position":3,"name":"Afif destaca avan\u00e7os do Governo de SP","previousItem":{"@type":"ListItem","@id":"https:\/\/www.encontramorumbi.com.br\/sobre\/noticias-no-morumbi\/#listItem","name":"Not\u00edcias Morumbi"}}]},{"@type":"Organization","@id":"https:\/\/www.encontramorumbi.com.br\/sobre\/#organization","name":"Encontra Morumbi","description":"Not\u00edcias, eventos, informa\u00e7\u00f5es e dicas no bairro do Morumbi e regi\u00e3o.","url":"https:\/\/www.encontramorumbi.com.br\/sobre\/"},{"@type":"Person","@id":"https:\/\/www.encontramorumbi.com.br\/sobre\/author\/emorumbi\/#author","url":"https:\/\/www.encontramorumbi.com.br\/sobre\/author\/emorumbi\/","name":"Not\u00edcias do bairro Morumbi","image":{"@type":"ImageObject","@id":"https:\/\/www.encontramorumbi.com.br\/sobre\/afif-destaca-avancos-do-governo-de-sp\/#authorImage","url":"https:\/\/secure.gravatar.com\/avatar\/0fbed662e37531ae23e68f85f9517b2454e50c1dfebf80eb9b721449ac95e0b9?s=96&d=mm&r=g","width":96,"height":96,"caption":"Not\u00edcias do bairro Morumbi"}},{"@type":"WebPage","@id":"https:\/\/www.encontramorumbi.com.br\/sobre\/afif-destaca-avancos-do-governo-de-sp\/#webpage","url":"https:\/\/www.encontramorumbi.com.br\/sobre\/afif-destaca-avancos-do-governo-de-sp\/","name":"Afif destaca avan\u00e7os do Governo de SP | Encontra Morumbi","description":"Avan\u00e7os do Governo de SP s\u00e3o discutidos por Afif em entrevista.","inLanguage":"pt-BR","isPartOf":{"@id":"https:\/\/www.encontramorumbi.com.br\/sobre\/#website"},"breadcrumb":{"@id":"https:\/\/www.encontramorumbi.com.br\/sobre\/afif-destaca-avancos-do-governo-de-sp\/#breadcrumblist"},"author":{"@id":"https:\/\/www.encontramorumbi.com.br\/sobre\/author\/emorumbi\/#author"},"creator":{"@id":"https:\/\/www.encontramorumbi.com.br\/sobre\/author\/emorumbi\/#author"},"image":{"@type":"ImageObject","url":"https:\/\/www.encontramorumbi.com.br\/sobre\/wp-content\/uploads\/2026\/05\/afif-destaca-avancos-do-governo-de-sp.webp","@id":"https:\/\/www.encontramorumbi.com.br\/sobre\/afif-destaca-avancos-do-governo-de-sp\/#mainImage","width":280,"height":280,"caption":"avan\u00e7os do governo de SP"},"primaryImageOfPage":{"@id":"https:\/\/www.encontramorumbi.com.br\/sobre\/afif-destaca-avancos-do-governo-de-sp\/#mainImage"},"datePublished":"2026-05-08T11:21:08-03:00","dateModified":"2026-05-08T11:21:08-03:00"},{"@type":"WebSite","@id":"https:\/\/www.encontramorumbi.com.br\/sobre\/#website","url":"https:\/\/www.encontramorumbi.com.br\/sobre\/","name":"Encontra Morumbi","description":"Not\u00edcias, eventos, informa\u00e7\u00f5es e dicas no bairro do Morumbi e regi\u00e3o.","inLanguage":"pt-BR","publisher":{"@id":"https:\/\/www.encontramorumbi.com.br\/sobre\/#organization"}}]},"og:locale":"pt_BR","og:site_name":"Encontra Morumbi | Not\u00edcias, eventos, informa\u00e7\u00f5es e dicas no bairro do Morumbi e regi\u00e3o.","og:type":"article","og:title":"Afif destaca avan\u00e7os do Governo de SP | Encontra Morumbi","og:description":"Avan\u00e7os do Governo de SP s\u00e3o discutidos por Afif em entrevista.","og:url":"https:\/\/www.encontramorumbi.com.br\/sobre\/afif-destaca-avancos-do-governo-de-sp\/","article:published_time":"2026-05-08T14:21:08+00:00","article:modified_time":"2026-05-08T14:21:08+00:00","twitter:card":"summary","twitter:title":"Afif destaca avan\u00e7os do Governo de SP | Encontra Morumbi","twitter:description":"Avan\u00e7os do Governo de SP s\u00e3o discutidos por Afif em entrevista."},"aioseo_meta_data":[],"aioseo_breadcrumb":"<div class=\"aioseo-breadcrumbs\"><span class=\"aioseo-breadcrumb\">\n\t\t\t<a href=\"https:\/\/www.encontramorumbi.com.br\/sobre\" title=\"In\u00edcio\">In\u00edcio<\/a>\n\t\t<\/span><span class=\"aioseo-breadcrumb-separator\">&raquo;<\/span><span class=\"aioseo-breadcrumb\">\n\t\t\t<a href=\"https:\/\/www.encontramorumbi.com.br\/sobre\/noticias-no-morumbi\/\" title=\"Not\u00edcias Morumbi\">Not\u00edcias Morumbi<\/a>\n\t\t<\/span><span class=\"aioseo-breadcrumb-separator\">&raquo;<\/span><span class=\"aioseo-breadcrumb\">\n\t\t\tAfif destaca avan\u00e7os do Governo de SP\n\t\t<\/span><\/div>","aioseo_breadcrumb_json":[{"label":"In\u00edcio","link":"https:\/\/www.encontramorumbi.com.br\/sobre"},{"label":"Not\u00edcias Morumbi","link":"https:\/\/www.encontramorumbi.com.br\/sobre\/noticias-no-morumbi\/"},{"label":"Afif destaca avan\u00e7os do Governo de SP","link":"https:\/\/www.encontramorumbi.com.br\/sobre\/afif-destaca-avancos-do-governo-de-sp\/"}],"_links":{"self":[{"href":"https:\/\/www.encontramorumbi.com.br\/sobre\/wp-json\/wp\/v2\/posts\/22680","targetHints":{"allow":["GET"]}}],"collection":[{"href":"https:\/\/www.encontramorumbi.com.br\/sobre\/wp-json\/wp\/v2\/posts"}],"about":[{"href":"https:\/\/www.encontramorumbi.com.br\/sobre\/wp-json\/wp\/v2\/types\/post"}],"author":[{"embeddable":true,"href":"https:\/\/www.encontramorumbi.com.br\/sobre\/wp-json\/wp\/v2\/users\/1"}],"replies":[{"embeddable":true,"href":"https:\/\/www.encontramorumbi.com.br\/sobre\/wp-json\/wp\/v2\/comments?post=22680"}],"version-history":[{"count":0,"href":"https:\/\/www.encontramorumbi.com.br\/sobre\/wp-json\/wp\/v2\/posts\/22680\/revisions"}],"wp:featuredmedia":[{"embeddable":true,"href":"https:\/\/www.encontramorumbi.com.br\/sobre\/wp-json\/wp\/v2\/media\/22679"}],"wp:attachment":[{"href":"https:\/\/www.encontramorumbi.com.br\/sobre\/wp-json\/wp\/v2\/media?parent=22680"}],"wp:term":[{"taxonomy":"category","embeddable":true,"href":"https:\/\/www.encontramorumbi.com.br\/sobre\/wp-json\/wp\/v2\/categories?post=22680"},{"taxonomy":"post_tag","embeddable":true,"href":"https:\/\/www.encontramorumbi.com.br\/sobre\/wp-json\/wp\/v2\/tags?post=22680"}],"curies":[{"name":"wp","href":"https:\/\/api.w.org\/{rel}","templated":true}]}}