{"id":23003,"date":"2026-09-03T20:29:44","date_gmt":"2026-09-03T23:29:44","guid":{"rendered":"https:\/\/www.encontramorumbi.com.br\/sobre\/familia-e-amigos-aplaudem-allan-nascimento-no-enterro-em-sao-paulo\/"},"modified":"2026-09-03T20:29:44","modified_gmt":"2026-09-03T23:29:44","slug":"familia-e-amigos-aplaudem-allan-nascimento-no-enterro-em-sao-paulo","status":"publish","type":"post","link":"https:\/\/www.encontramorumbi.com.br\/sobre\/familia-e-amigos-aplaudem-allan-nascimento-no-enterro-em-sao-paulo\/","title":{"rendered":"Fam\u00edlia e amigos aplaudem Allan Nascimento no enterro em S\u00e3o Paulo"},"content":{"rendered":"<div class=\"668395cb997a874797677d9ee29f7b25\" data-index=\"1\" style=\"float: none; margin:0px;\">\n<!-- Anuncio display - global -->\r\n<ins class=\"adsbygoogle\"\r\n     style=\"display:block\"\r\n     data-ad-client=\"ca-pub-8585364105181520\"\r\n     data-ad-slot=\"8789329856\"\r\n     data-ad-format=\"auto\"\r\n     data-full-width-responsive=\"true\"><\/ins>\r\n<script>\r\n     (adsbygoogle = window.adsbygoogle || []).push({});\r\n<\/script>\n<\/div>\n<h2>A \u00daltima Homenagem ao Lutador<\/h2>\n<p>Na manh\u00e3 do dia 5 de agosto de 2026, os amantes do MMA e f\u00e3s de <strong>Allan Nascimento<\/strong> se reuniram para prestar um tributo ao lutador conhecido como &#8220;Puro Osso&#8221;. Ele partiu prematuramente, aos 34 anos, e sua partida deixou uma marca profunda na comunidade esportiva. O vel\u00f3rio ocorreu em um ambiente \u00edntimo e respeitoso, no Cemit\u00e9rio Congonhas, em S\u00e3o Paulo, onde amigos, fam\u00edlia e colegas de equipe se reuniram para homenage\u00e1-lo.<\/p>\n<h2>Quem Foi Allan Nascimento?<\/h2>\n<p>Allan Nascimento, que competia na divis\u00e3o peso-mosca do UFC, era um lutador talentoso e dedicado. Com um hist\u00f3rico de 22 vit\u00f3rias e 7 derrotas em sua carreira de MMA, ele se destacou por seu esp\u00edrito competitivo e tenacidade em cada combate. Nascido e criado em S\u00e3o Paulo, Allan se juntou \u00e0 equipe <strong>Chute Boxe Diego Lima<\/strong>, onde desenvolveu suas habilidades sob a orienta\u00e7\u00e3o de treinadores e companheiros experientes. Ele se tornou uma figura respeitada e admirada no mundo do MMA, sendo um exemplo de perseveran\u00e7a e trabalho \u00e1rduo.<\/p>\n<h2>O Legado de &#8216;Puro Osso&#8217; no MMA<\/h2>\n<p>O legado de Allan Nascimento vai al\u00e9m de suas vit\u00f3rias e derrotas no oct\u00f3gono. Seu carisma e humildade conquistaram o cora\u00e7\u00e3o de muitos, tanto dentro quanto fora do ringue. Ele inspirou jovens lutadores e trouxe um esp\u00edrito de camaradagem e dedica\u00e7\u00e3o para sua equipe e f\u00e3s. A forma como ele encarava os desafios, sempre disposto a aprender e a melhorar, serviu como exemplo para aqueles que o admiravam.<\/p>\n<p><img decoding=\"async\" src=\"https:\/\/www.encontramorumbi.com.br\/sobre\/wp-content\/uploads\/2026\/09\/familia-e-amigos-aplaudem-allan-nascimento-no-enterro-em-sao-paulo.webp\" alt=\"Allan Nascimento\" loading=\"lazy\" \/><\/p>\n<h2>O Enterro Repleto de Emo\u00e7\u00e3o<\/h2>\n<p>O enterro de Allan Nascimento foi um momento de grande como\u00e7\u00e3o. Cerca de 200 pessoas marcaram presen\u00e7a, incluindo amigos \u00edntimos, membros da fam\u00edlia e colegas de equipe. O ambiente estava carregado de emo\u00e7\u00e3o, com muitos l\u00e1grimas sendo derramadas em homenagem ao lutador. Durante a cerim\u00f4nia, homens e mulheres que compartilharam momentos importantes com Allan falaram de sua dedica\u00e7\u00e3o e sua paix\u00e3o pela luta, lembrando os treinos extenuantes e os momentos de alegria que passaram juntos.<\/p>\n<h2>Companheiros de Equipe e Amigos Presentes<\/h2>\n<p>Entre as figuras importantes presentes na cerim\u00f4nia estavam <strong>Charles do Bronxs<\/strong> e <strong>Rodrigo Minotauro<\/strong>, ambos lutadores consagrados que estiveram ao lado de Allan em sua trajet\u00f3ria. Charles, visivelmente abalado, compartilhou suas mem\u00f3rias com os presentes, relembrando os momentos que passaram juntos durante os treinos e competi\u00e7\u00f5es. As l\u00e1grimas de amizade e saudade foram um forte testemunho do impacto que Allan teve na vida de tantos.<\/p>\n<h2>Mais de 200 Pessoas D\u00e3o Adeus<\/h2>\n<p>O vel\u00f3rio foi marcado por um corredor de aplausos enquanto o caix\u00e3o de Allan seguia em dire\u00e7\u00e3o \u00e0 sepultura. Cada aplauso representava um tributo ao lutador e \u00e0 sua jornada. Amigos, familiares e f\u00e3s n\u00e3o mediram esfor\u00e7os para demonstrar sua admira\u00e7\u00e3o. O carinho de todos foi um reflexo do amor e respeito que Allan conquistou ao longo de sua vida. As flores e arranjos preparados em sua homenagem adornavam o local, simbolizando o impacto que ele teve em suas vidas.<\/p>\n<h2>A Rea\u00e7\u00e3o de Charles do Bronxs<\/h2>\n<p>Charles do Bronxs, um dos amigos mais pr\u00f3ximos de Allan, estava visivelmente emocionado durante o vel\u00f3rio. Em suas redes sociais, ele expressou sua tristeza pela perda e como isso afetou n\u00e3o apenas sua vida pessoal, mas tamb\u00e9m sua carreira. Charles mencionou a import\u00e2ncia do apoio m\u00fatuo que ambos compartilharam durante seus treinos, real\u00e7ando que a amizade deles sempre foi baseada em respeito e admira\u00e7\u00e3o m\u00fatua.<\/p>\n<h2>A Import\u00e2ncia do Applause Corredor<\/h2>\n<p>O corredor de aplausos criado por f\u00e3s e amigos no dia do enterro simbolizou a celebra\u00e7\u00e3o da vida e das conquistas de Allan. Esse gesto poderoso foi uma demonstra\u00e7\u00e3o de amor e respeito por seu legado. Atrav\u00e9s de aplausos e lembran\u00e7as, os presentes puderam transmitir sua gratid\u00e3o a Allan e reconhecer a influ\u00eancia positiva que ele teve em suas vidas.<\/p>\n<h2>Mem\u00f3rias Compartilhadas no Vel\u00f3rio<\/h2>\n<p>Durante o vel\u00f3rio, muitos compartilharam suas mem\u00f3rias favoritas com Allan. Foram contadas hist\u00f3rias de treinamentos intensos, vit\u00f3rias emocionantes, derrotas que ensinaram li\u00e7\u00f5es valiosas e momentos de descontra\u00e7\u00e3o que mostraram seu lado divertido. Essas lembran\u00e7as ajudam a construir uma tapestry de sua vida e carreira, mostrando n\u00e3o apenas o lutador que ele foi, mas a bela pessoa que se destacou no cotidiano de quem teve a sorte de conhec\u00ea-lo.<\/p>\n<h2>Reflex\u00f5es Sobre a Vida e a Morte no Esporte<\/h2>\n<p>A morte de Allan Nascimento nos convida a refletir sobre a fragilidade da vida e a import\u00e2ncia de aproveitar ao m\u00e1ximo cada momento. Em um esporte t\u00e3o exigente como o MMA, onde a vida de um atleta pode mudar em segundos, \u00e9 vital valorizar as rela\u00e7\u00f5es e momentos compartilhados. O legado que Allan deixou \u00e9 um lembrete de que o significado da vida n\u00e3o reside apenas nas conquistas, mas tamb\u00e9m nas conex\u00f5es feitas ao longo do caminho.<\/p>\n<p>Assim, a conclus\u00e3o \u00e9 que Allan Nascimento, ou &#8220;Puro Osso&#8221;, n\u00e3o ser\u00e1 lembrado apenas por suas lutas e vit\u00f3rias, mas por seu car\u00e1ter, dedica\u00e7\u00e3o e a maneira como impactou a vida de outros. Seu legado perdurar\u00e1 atrav\u00e9s das mem\u00f3rias e hist\u00f3rias compartilhadas por todos que tiveram a chance de conhec\u00ea-lo.<\/p>\n\n<div style=\"font-size: 0px; height: 0px; line-height: 0px; margin: 0; padding: 0; clear: both;\"><\/div>","protected":false},"excerpt":{"rendered":"<p>\u00daltima homenagem a Allan Nascimento com aplausos emocionantes de amigos e familiares.<\/p>\n","protected":false},"author":1,"featured_media":23002,"comment_status":"closed","ping_status":"closed","sticky":false,"template":"","format":"standard","meta":{"footnotes":""},"categories":[3],"tags":[],"class_list":["post-23003","post","type-post","status-publish","format-standard","has-post-thumbnail","hentry","category-noticias-no-morumbi","has_thumb"],"aioseo_notices":[],"aioseo_head":"\n\t\t<!-- All in One SEO 5.0.0.1 - aioseo.com -->\n\t<meta name=\"description\" content=\"\u00daltima homenagem a Allan Nascimento com aplausos emocionantes de amigos e familiares.\" \/>\n\t<meta name=\"robots\" content=\"max-image-preview:large\" \/>\n\t<meta name=\"author\" content=\"Not\u00edcias do bairro Morumbi\"\/>\n\t<link rel=\"canonical\" href=\"https:\/\/www.encontramorumbi.com.br\/sobre\/familia-e-amigos-aplaudem-allan-nascimento-no-enterro-em-sao-paulo\/\" \/>\n\t<meta name=\"generator\" content=\"All in One SEO (AIOSEO) 5.0.0.1\" \/>\n\t\t<meta property=\"og:locale\" content=\"pt_BR\" \/>\n\t\t<meta property=\"og:site_name\" content=\"Encontra Morumbi | Not\u00edcias, eventos, informa\u00e7\u00f5es e dicas no bairro do Morumbi e regi\u00e3o.\" \/>\n\t\t<meta property=\"og:type\" content=\"article\" \/>\n\t\t<meta property=\"og:title\" content=\"Fam\u00edlia e amigos aplaudem Allan Nascimento no enterro em S\u00e3o Paulo | Encontra Morumbi\" \/>\n\t\t<meta property=\"og:description\" content=\"\u00daltima homenagem a Allan Nascimento com aplausos emocionantes de amigos e familiares.\" \/>\n\t\t<meta property=\"og:url\" content=\"https:\/\/www.encontramorumbi.com.br\/sobre\/familia-e-amigos-aplaudem-allan-nascimento-no-enterro-em-sao-paulo\/\" \/>\n\t\t<meta property=\"article:published_time\" content=\"2026-09-03T23:29:44+00:00\" \/>\n\t\t<meta property=\"article:modified_time\" content=\"2026-09-03T23:29:44+00:00\" \/>\n\t\t<meta name=\"twitter:card\" content=\"summary\" \/>\n\t\t<meta name=\"twitter:title\" content=\"Fam\u00edlia e amigos aplaudem Allan Nascimento no enterro em S\u00e3o Paulo | Encontra Morumbi\" \/>\n\t\t<meta name=\"twitter:description\" content=\"\u00daltima homenagem a Allan Nascimento com aplausos emocionantes de amigos e familiares.\" \/>\n\t\t<script type=\"application\/ld+json\" class=\"aioseo-schema\">\n\t\t\t{\"@context\":\"https:\\\/\\\/schema.org\",\"@graph\":[{\"@type\":\"Article\",\"@id\":\"https:\\\/\\\/www.encontramorumbi.com.br\\\/sobre\\\/familia-e-amigos-aplaudem-allan-nascimento-no-enterro-em-sao-paulo\\\/#article\",\"name\":\"Fam\\u00edlia e amigos aplaudem Allan Nascimento no enterro em S\\u00e3o Paulo | Encontra Morumbi\",\"headline\":\"Fam\\u00edlia e amigos aplaudem Allan Nascimento no enterro em S\\u00e3o Paulo\",\"author\":{\"@id\":\"https:\\\/\\\/www.encontramorumbi.com.br\\\/sobre\\\/author\\\/emorumbi\\\/#author\"},\"publisher\":{\"@id\":\"https:\\\/\\\/www.encontramorumbi.com.br\\\/sobre\\\/#organization\"},\"image\":{\"@type\":\"ImageObject\",\"url\":\"https:\\\/\\\/www.encontramorumbi.com.br\\\/sobre\\\/wp-content\\\/uploads\\\/2026\\\/09\\\/familia-e-amigos-aplaudem-allan-nascimento-no-enterro-em-sao-paulo.webp\",\"width\":280,\"height\":280,\"caption\":\"Allan Nascimento\"},\"datePublished\":\"2026-09-03T20:29:44-03:00\",\"dateModified\":\"2026-09-03T20:29:44-03:00\",\"inLanguage\":\"pt-BR\",\"mainEntityOfPage\":{\"@id\":\"https:\\\/\\\/www.encontramorumbi.com.br\\\/sobre\\\/familia-e-amigos-aplaudem-allan-nascimento-no-enterro-em-sao-paulo\\\/#webpage\"},\"isPartOf\":{\"@id\":\"https:\\\/\\\/www.encontramorumbi.com.br\\\/sobre\\\/familia-e-amigos-aplaudem-allan-nascimento-no-enterro-em-sao-paulo\\\/#webpage\"},\"articleSection\":\"Not\\u00edcias Morumbi\"},{\"@type\":\"BreadcrumbList\",\"@id\":\"https:\\\/\\\/www.encontramorumbi.com.br\\\/sobre\\\/familia-e-amigos-aplaudem-allan-nascimento-no-enterro-em-sao-paulo\\\/#breadcrumblist\",\"itemListElement\":[{\"@type\":\"ListItem\",\"@id\":\"https:\\\/\\\/www.encontramorumbi.com.br\\\/sobre#listItem\",\"position\":1,\"name\":\"In\\u00edcio\",\"item\":\"https:\\\/\\\/www.encontramorumbi.com.br\\\/sobre\",\"nextItem\":{\"@type\":\"ListItem\",\"@id\":\"https:\\\/\\\/www.encontramorumbi.com.br\\\/sobre\\\/noticias-no-morumbi\\\/#listItem\",\"name\":\"Not\\u00edcias Morumbi\"}},{\"@type\":\"ListItem\",\"@id\":\"https:\\\/\\\/www.encontramorumbi.com.br\\\/sobre\\\/noticias-no-morumbi\\\/#listItem\",\"position\":2,\"name\":\"Not\\u00edcias Morumbi\",\"item\":\"https:\\\/\\\/www.encontramorumbi.com.br\\\/sobre\\\/noticias-no-morumbi\\\/\",\"nextItem\":{\"@type\":\"ListItem\",\"@id\":\"https:\\\/\\\/www.encontramorumbi.com.br\\\/sobre\\\/familia-e-amigos-aplaudem-allan-nascimento-no-enterro-em-sao-paulo\\\/#listItem\",\"name\":\"Fam\\u00edlia e amigos aplaudem Allan Nascimento no enterro em S\\u00e3o Paulo\"},\"previousItem\":{\"@type\":\"ListItem\",\"@id\":\"https:\\\/\\\/www.encontramorumbi.com.br\\\/sobre#listItem\",\"name\":\"In\\u00edcio\"}},{\"@type\":\"ListItem\",\"@id\":\"https:\\\/\\\/www.encontramorumbi.com.br\\\/sobre\\\/familia-e-amigos-aplaudem-allan-nascimento-no-enterro-em-sao-paulo\\\/#listItem\",\"position\":3,\"name\":\"Fam\\u00edlia e amigos aplaudem Allan Nascimento no enterro em S\\u00e3o Paulo\",\"previousItem\":{\"@type\":\"ListItem\",\"@id\":\"https:\\\/\\\/www.encontramorumbi.com.br\\\/sobre\\\/noticias-no-morumbi\\\/#listItem\",\"name\":\"Not\\u00edcias Morumbi\"}}]},{\"@type\":\"Organization\",\"@id\":\"https:\\\/\\\/www.encontramorumbi.com.br\\\/sobre\\\/#organization\",\"name\":\"Encontra Morumbi\",\"description\":\"Not\\u00edcias, eventos, informa\\u00e7\\u00f5es e dicas no bairro do Morumbi e regi\\u00e3o.\",\"url\":\"https:\\\/\\\/www.encontramorumbi.com.br\\\/sobre\\\/\"},{\"@type\":\"Person\",\"@id\":\"https:\\\/\\\/www.encontramorumbi.com.br\\\/sobre\\\/author\\\/emorumbi\\\/#author\",\"url\":\"https:\\\/\\\/www.encontramorumbi.com.br\\\/sobre\\\/author\\\/emorumbi\\\/\",\"name\":\"Not\\u00edcias do bairro Morumbi\",\"image\":{\"@type\":\"ImageObject\",\"@id\":\"https:\\\/\\\/www.encontramorumbi.com.br\\\/sobre\\\/familia-e-amigos-aplaudem-allan-nascimento-no-enterro-em-sao-paulo\\\/#authorImage\",\"url\":\"https:\\\/\\\/secure.gravatar.com\\\/avatar\\\/0fbed662e37531ae23e68f85f9517b2454e50c1dfebf80eb9b721449ac95e0b9?s=96&d=mm&r=g\",\"width\":96,\"height\":96,\"caption\":\"Not\\u00edcias do bairro Morumbi\"}},{\"@type\":\"WebPage\",\"@id\":\"https:\\\/\\\/www.encontramorumbi.com.br\\\/sobre\\\/familia-e-amigos-aplaudem-allan-nascimento-no-enterro-em-sao-paulo\\\/#webpage\",\"url\":\"https:\\\/\\\/www.encontramorumbi.com.br\\\/sobre\\\/familia-e-amigos-aplaudem-allan-nascimento-no-enterro-em-sao-paulo\\\/\",\"name\":\"Fam\\u00edlia e amigos aplaudem Allan Nascimento no enterro em S\\u00e3o Paulo | Encontra Morumbi\",\"description\":\"\\u00daltima homenagem a Allan Nascimento com aplausos emocionantes de amigos e familiares.\",\"inLanguage\":\"pt-BR\",\"isPartOf\":{\"@id\":\"https:\\\/\\\/www.encontramorumbi.com.br\\\/sobre\\\/#website\"},\"breadcrumb\":{\"@id\":\"https:\\\/\\\/www.encontramorumbi.com.br\\\/sobre\\\/familia-e-amigos-aplaudem-allan-nascimento-no-enterro-em-sao-paulo\\\/#breadcrumblist\"},\"author\":{\"@id\":\"https:\\\/\\\/www.encontramorumbi.com.br\\\/sobre\\\/author\\\/emorumbi\\\/#author\"},\"creator\":{\"@id\":\"https:\\\/\\\/www.encontramorumbi.com.br\\\/sobre\\\/author\\\/emorumbi\\\/#author\"},\"image\":{\"@type\":\"ImageObject\",\"url\":\"https:\\\/\\\/www.encontramorumbi.com.br\\\/sobre\\\/wp-content\\\/uploads\\\/2026\\\/09\\\/familia-e-amigos-aplaudem-allan-nascimento-no-enterro-em-sao-paulo.webp\",\"@id\":\"https:\\\/\\\/www.encontramorumbi.com.br\\\/sobre\\\/familia-e-amigos-aplaudem-allan-nascimento-no-enterro-em-sao-paulo\\\/#mainImage\",\"width\":280,\"height\":280,\"caption\":\"Allan Nascimento\"},\"primaryImageOfPage\":{\"@id\":\"https:\\\/\\\/www.encontramorumbi.com.br\\\/sobre\\\/familia-e-amigos-aplaudem-allan-nascimento-no-enterro-em-sao-paulo\\\/#mainImage\"},\"datePublished\":\"2026-09-03T20:29:44-03:00\",\"dateModified\":\"2026-09-03T20:29:44-03:00\"},{\"@type\":\"WebSite\",\"@id\":\"https:\\\/\\\/www.encontramorumbi.com.br\\\/sobre\\\/#website\",\"url\":\"https:\\\/\\\/www.encontramorumbi.com.br\\\/sobre\\\/\",\"name\":\"Encontra Morumbi\",\"description\":\"Not\\u00edcias, eventos, informa\\u00e7\\u00f5es e dicas no bairro do Morumbi e regi\\u00e3o.\",\"inLanguage\":\"pt-BR\",\"publisher\":{\"@id\":\"https:\\\/\\\/www.encontramorumbi.com.br\\\/sobre\\\/#organization\"}}]}\n\t\t<\/script>\n\t\t<!-- All in One SEO -->\n\n","aioseo_head_json":{"title":"Fam\u00edlia e amigos aplaudem Allan Nascimento no enterro em S\u00e3o Paulo | Encontra Morumbi","description":"\u00daltima homenagem a Allan Nascimento com aplausos emocionantes de amigos e familiares.","canonical_url":"https:\/\/www.encontramorumbi.com.br\/sobre\/familia-e-amigos-aplaudem-allan-nascimento-no-enterro-em-sao-paulo\/","robots":"max-image-preview:large","keywords":"","webmasterTools":{"miscellaneous":""},"schema":{"@context":"https:\/\/schema.org","@graph":[{"@type":"Article","@id":"https:\/\/www.encontramorumbi.com.br\/sobre\/familia-e-amigos-aplaudem-allan-nascimento-no-enterro-em-sao-paulo\/#article","name":"Fam\u00edlia e amigos aplaudem Allan Nascimento no enterro em S\u00e3o Paulo | Encontra Morumbi","headline":"Fam\u00edlia e amigos aplaudem Allan Nascimento no enterro em S\u00e3o Paulo","author":{"@id":"https:\/\/www.encontramorumbi.com.br\/sobre\/author\/emorumbi\/#author"},"publisher":{"@id":"https:\/\/www.encontramorumbi.com.br\/sobre\/#organization"},"image":{"@type":"ImageObject","url":"https:\/\/www.encontramorumbi.com.br\/sobre\/wp-content\/uploads\/2026\/09\/familia-e-amigos-aplaudem-allan-nascimento-no-enterro-em-sao-paulo.webp","width":280,"height":280,"caption":"Allan Nascimento"},"datePublished":"2026-09-03T20:29:44-03:00","dateModified":"2026-09-03T20:29:44-03:00","inLanguage":"pt-BR","mainEntityOfPage":{"@id":"https:\/\/www.encontramorumbi.com.br\/sobre\/familia-e-amigos-aplaudem-allan-nascimento-no-enterro-em-sao-paulo\/#webpage"},"isPartOf":{"@id":"https:\/\/www.encontramorumbi.com.br\/sobre\/familia-e-amigos-aplaudem-allan-nascimento-no-enterro-em-sao-paulo\/#webpage"},"articleSection":"Not\u00edcias Morumbi"},{"@type":"BreadcrumbList","@id":"https:\/\/www.encontramorumbi.com.br\/sobre\/familia-e-amigos-aplaudem-allan-nascimento-no-enterro-em-sao-paulo\/#breadcrumblist","itemListElement":[{"@type":"ListItem","@id":"https:\/\/www.encontramorumbi.com.br\/sobre#listItem","position":1,"name":"In\u00edcio","item":"https:\/\/www.encontramorumbi.com.br\/sobre","nextItem":{"@type":"ListItem","@id":"https:\/\/www.encontramorumbi.com.br\/sobre\/noticias-no-morumbi\/#listItem","name":"Not\u00edcias Morumbi"}},{"@type":"ListItem","@id":"https:\/\/www.encontramorumbi.com.br\/sobre\/noticias-no-morumbi\/#listItem","position":2,"name":"Not\u00edcias Morumbi","item":"https:\/\/www.encontramorumbi.com.br\/sobre\/noticias-no-morumbi\/","nextItem":{"@type":"ListItem","@id":"https:\/\/www.encontramorumbi.com.br\/sobre\/familia-e-amigos-aplaudem-allan-nascimento-no-enterro-em-sao-paulo\/#listItem","name":"Fam\u00edlia e amigos aplaudem Allan Nascimento no enterro em S\u00e3o Paulo"},"previousItem":{"@type":"ListItem","@id":"https:\/\/www.encontramorumbi.com.br\/sobre#listItem","name":"In\u00edcio"}},{"@type":"ListItem","@id":"https:\/\/www.encontramorumbi.com.br\/sobre\/familia-e-amigos-aplaudem-allan-nascimento-no-enterro-em-sao-paulo\/#listItem","position":3,"name":"Fam\u00edlia e amigos aplaudem Allan Nascimento no enterro em S\u00e3o Paulo","previousItem":{"@type":"ListItem","@id":"https:\/\/www.encontramorumbi.com.br\/sobre\/noticias-no-morumbi\/#listItem","name":"Not\u00edcias Morumbi"}}]},{"@type":"Organization","@id":"https:\/\/www.encontramorumbi.com.br\/sobre\/#organization","name":"Encontra Morumbi","description":"Not\u00edcias, eventos, informa\u00e7\u00f5es e dicas no bairro do Morumbi e regi\u00e3o.","url":"https:\/\/www.encontramorumbi.com.br\/sobre\/"},{"@type":"Person","@id":"https:\/\/www.encontramorumbi.com.br\/sobre\/author\/emorumbi\/#author","url":"https:\/\/www.encontramorumbi.com.br\/sobre\/author\/emorumbi\/","name":"Not\u00edcias do bairro Morumbi","image":{"@type":"ImageObject","@id":"https:\/\/www.encontramorumbi.com.br\/sobre\/familia-e-amigos-aplaudem-allan-nascimento-no-enterro-em-sao-paulo\/#authorImage","url":"https:\/\/secure.gravatar.com\/avatar\/0fbed662e37531ae23e68f85f9517b2454e50c1dfebf80eb9b721449ac95e0b9?s=96&d=mm&r=g","width":96,"height":96,"caption":"Not\u00edcias do bairro Morumbi"}},{"@type":"WebPage","@id":"https:\/\/www.encontramorumbi.com.br\/sobre\/familia-e-amigos-aplaudem-allan-nascimento-no-enterro-em-sao-paulo\/#webpage","url":"https:\/\/www.encontramorumbi.com.br\/sobre\/familia-e-amigos-aplaudem-allan-nascimento-no-enterro-em-sao-paulo\/","name":"Fam\u00edlia e amigos aplaudem Allan Nascimento no enterro em S\u00e3o Paulo | Encontra Morumbi","description":"\u00daltima homenagem a Allan Nascimento com aplausos emocionantes de amigos e familiares.","inLanguage":"pt-BR","isPartOf":{"@id":"https:\/\/www.encontramorumbi.com.br\/sobre\/#website"},"breadcrumb":{"@id":"https:\/\/www.encontramorumbi.com.br\/sobre\/familia-e-amigos-aplaudem-allan-nascimento-no-enterro-em-sao-paulo\/#breadcrumblist"},"author":{"@id":"https:\/\/www.encontramorumbi.com.br\/sobre\/author\/emorumbi\/#author"},"creator":{"@id":"https:\/\/www.encontramorumbi.com.br\/sobre\/author\/emorumbi\/#author"},"image":{"@type":"ImageObject","url":"https:\/\/www.encontramorumbi.com.br\/sobre\/wp-content\/uploads\/2026\/09\/familia-e-amigos-aplaudem-allan-nascimento-no-enterro-em-sao-paulo.webp","@id":"https:\/\/www.encontramorumbi.com.br\/sobre\/familia-e-amigos-aplaudem-allan-nascimento-no-enterro-em-sao-paulo\/#mainImage","width":280,"height":280,"caption":"Allan Nascimento"},"primaryImageOfPage":{"@id":"https:\/\/www.encontramorumbi.com.br\/sobre\/familia-e-amigos-aplaudem-allan-nascimento-no-enterro-em-sao-paulo\/#mainImage"},"datePublished":"2026-09-03T20:29:44-03:00","dateModified":"2026-09-03T20:29:44-03:00"},{"@type":"WebSite","@id":"https:\/\/www.encontramorumbi.com.br\/sobre\/#website","url":"https:\/\/www.encontramorumbi.com.br\/sobre\/","name":"Encontra Morumbi","description":"Not\u00edcias, eventos, informa\u00e7\u00f5es e dicas no bairro do Morumbi e regi\u00e3o.","inLanguage":"pt-BR","publisher":{"@id":"https:\/\/www.encontramorumbi.com.br\/sobre\/#organization"}}]},"og:locale":"pt_BR","og:site_name":"Encontra Morumbi | Not\u00edcias, eventos, informa\u00e7\u00f5es e dicas no bairro do Morumbi e regi\u00e3o.","og:type":"article","og:title":"Fam\u00edlia e amigos aplaudem Allan Nascimento no enterro em S\u00e3o Paulo | Encontra Morumbi","og:description":"\u00daltima homenagem a Allan Nascimento com aplausos emocionantes de amigos e familiares.","og:url":"https:\/\/www.encontramorumbi.com.br\/sobre\/familia-e-amigos-aplaudem-allan-nascimento-no-enterro-em-sao-paulo\/","article:published_time":"2026-09-03T23:29:44+00:00","article:modified_time":"2026-09-03T23:29:44+00:00","twitter:card":"summary","twitter:title":"Fam\u00edlia e amigos aplaudem Allan Nascimento no enterro em S\u00e3o Paulo | Encontra Morumbi","twitter:description":"\u00daltima homenagem a Allan Nascimento com aplausos emocionantes de amigos e familiares."},"aioseo_meta_data":[],"aioseo_breadcrumb":"<div class=\"aioseo-breadcrumbs\"><span class=\"aioseo-breadcrumb\">\n\t\t\t<a href=\"https:\/\/www.encontramorumbi.com.br\/sobre\" title=\"In\u00edcio\">In\u00edcio<\/a>\n\t\t<\/span><span class=\"aioseo-breadcrumb-separator\">&raquo;<\/span><span class=\"aioseo-breadcrumb\">\n\t\t\t<a href=\"https:\/\/www.encontramorumbi.com.br\/sobre\/noticias-no-morumbi\/\" title=\"Not\u00edcias Morumbi\">Not\u00edcias Morumbi<\/a>\n\t\t<\/span><span class=\"aioseo-breadcrumb-separator\">&raquo;<\/span><span class=\"aioseo-breadcrumb\">\n\t\t\tFam\u00edlia e amigos aplaudem Allan Nascimento no enterro em S\u00e3o Paulo\n\t\t<\/span><\/div>","aioseo_breadcrumb_json":[{"label":"In\u00edcio","link":"https:\/\/www.encontramorumbi.com.br\/sobre"},{"label":"Not\u00edcias Morumbi","link":"https:\/\/www.encontramorumbi.com.br\/sobre\/noticias-no-morumbi\/"},{"label":"Fam\u00edlia e amigos aplaudem Allan Nascimento no enterro em S\u00e3o Paulo","link":"https:\/\/www.encontramorumbi.com.br\/sobre\/familia-e-amigos-aplaudem-allan-nascimento-no-enterro-em-sao-paulo\/"}],"_links":{"self":[{"href":"https:\/\/www.encontramorumbi.com.br\/sobre\/wp-json\/wp\/v2\/posts\/23003","targetHints":{"allow":["GET"]}}],"collection":[{"href":"https:\/\/www.encontramorumbi.com.br\/sobre\/wp-json\/wp\/v2\/posts"}],"about":[{"href":"https:\/\/www.encontramorumbi.com.br\/sobre\/wp-json\/wp\/v2\/types\/post"}],"author":[{"embeddable":true,"href":"https:\/\/www.encontramorumbi.com.br\/sobre\/wp-json\/wp\/v2\/users\/1"}],"replies":[{"embeddable":true,"href":"https:\/\/www.encontramorumbi.com.br\/sobre\/wp-json\/wp\/v2\/comments?post=23003"}],"version-history":[{"count":0,"href":"https:\/\/www.encontramorumbi.com.br\/sobre\/wp-json\/wp\/v2\/posts\/23003\/revisions"}],"wp:featuredmedia":[{"embeddable":true,"href":"https:\/\/www.encontramorumbi.com.br\/sobre\/wp-json\/wp\/v2\/media\/23002"}],"wp:attachment":[{"href":"https:\/\/www.encontramorumbi.com.br\/sobre\/wp-json\/wp\/v2\/media?parent=23003"}],"wp:term":[{"taxonomy":"category","embeddable":true,"href":"https:\/\/www.encontramorumbi.com.br\/sobre\/wp-json\/wp\/v2\/categories?post=23003"},{"taxonomy":"post_tag","embeddable":true,"href":"https:\/\/www.encontramorumbi.com.br\/sobre\/wp-json\/wp\/v2\/tags?post=23003"}],"curies":[{"name":"wp","href":"https:\/\/api.w.org\/{rel}","templated":true}]}}