{"id":2644,"date":"2011-11-28T17:47:17","date_gmt":"2011-11-28T20:47:17","guid":{"rendered":"http:\/\/www.encontramorumbi.com.br\/blog\/?p=2644"},"modified":"2019-04-12T15:13:41","modified_gmt":"2019-04-12T18:13:41","slug":"rede-de-supermercados-mambo-contrata-profissionais-temporarios-para-unidade-no-morumbi","status":"publish","type":"post","link":"https:\/\/www.encontramorumbi.com.br\/sobre\/rede-de-supermercados-mambo-contrata-profissionais-temporarios-para-unidade-no-morumbi\/","title":{"rendered":"Rede de supermercados Mambo contrata profissionais tempor\u00e1rios para unidade no Morumbi"},"content":{"rendered":"<div class=\"668395cb997a874797677d9ee29f7b25\" data-index=\"1\" style=\"float: none; margin:0px;\">\n<!-- Anuncio display - global -->\r\n<ins class=\"adsbygoogle\"\r\n     style=\"display:block\"\r\n     data-ad-client=\"ca-pub-8585364105181520\"\r\n     data-ad-slot=\"8789329856\"\r\n     data-ad-format=\"auto\"\r\n     data-full-width-responsive=\"true\"><\/ins>\r\n<script>\r\n     (adsbygoogle = window.adsbygoogle || []).push({});\r\n<\/script>\n<\/div>\n<p>A rede de supermercados Mambo vai aumentar em 5% o n\u00famero de contrata\u00e7\u00e3o para o per\u00edodo de festas. Cargos de frente de caixa e repositor de mercadorias s\u00e3o os que mais demandar\u00e3o funcion\u00e1rios. Entretanto, todos os setores da rede dever\u00e3o contratar tempor\u00e1rios. No total s\u00e3o 60 vagas, sendo 10 para deficientes.<\/p>\n<p>Para concorrer a uma das oportunidades \u00e9 preciso ter ensino fundamental completo e, para as vagas de empacotador, ser maior de 16 anos. Todos os contratados poder\u00e3o ser efetivados ap\u00f3s o per\u00edodo.<\/p>\n<p>A rede tamb\u00e9m tem oportunidades para candidatos com algum tipo de defici\u00eancia. Neste caso, as vagas s\u00e3o efetivas e para todos os setores do supermercado. Cargos de frente de caixa e para a mercearia s\u00e3o os que mais demandar\u00e3o funcion\u00e1rios. Entre os pr\u00e9-requisitos, \u00e9 necess\u00e1rio ensino fundamental completo.<\/p>\n<p>Os curr\u00edculos podem ser enviados para o e-mail: selecao@mambo.com.br<\/p>\n<p><strong>Veja os endere\u00e7os das unidades:<\/strong><\/p>\n<p><strong>Unidade Vila Leopoldina<\/strong><br \/>\nRua Alian\u00e7a Liberal, 322,\u00a0Guia Vila Leopoldina<br \/>\nHor\u00e1rio de funcionamento: segunda a s\u00e1bado, das 7h \u00e0s 21h30. Domingos e feriados, das 8h \u00e0s 20h30.<br \/>\nTelefone: (11) 3831-5700<\/p>\n<p><strong>Unidade Vila Romana<\/strong><br \/>\nRua Aur\u00e9lia, 1973,\u00a0Guia Lapa<br \/>\nHor\u00e1rio de funcionamento: segunda a s\u00e1bado, das 7h \u00e0s 22h. Domingos e feriados, das 8h \u00e0s 21h.<br \/>\nTelefone: (11) 3873-7350<\/p>\n<p><strong>Unidade Vila Madalena<\/strong><br \/>\nRua Deputado Lacerda Franco, 553,\u00a0Guia Vila Madalena<br \/>\nHor\u00e1rio de funcionamento: segunda a s\u00e1bado, das 7h \u00e0s 22h30. Domingos e feriados, das 8h \u00e0s 21h30.<br \/>\nTelefone: (11) 3032-9217<\/p>\n<p><strong>Unidade Brooklin<\/strong><br \/>\nAvenida Vereador Jos\u00e9 Diniz, 2329,\u00a0Guia Brooklin<br \/>\nHor\u00e1rio de funcionamento: segunda a s\u00e1bado: das 7h \u00e0s 22:30h. Domingos e feriados, das 8h \u00e0s 21h30.<br \/>\nTelefone: (11) 5093-2928<\/p>\n<p><strong>Unidade Alphaville<\/strong><br \/>\nAlameda Rio Negro, 1406,\u00a0Guia Alphaville<br \/>\nHor\u00e1rio de funcionamento: segunda a s\u00e1bado, das 7h \u00e0s 22h. Domingos e feriados, das 8h \u00e0s 21h30.<br \/>\nTelefone: (11) 4191-7335<\/p>\n<p><strong>Unidade Giovanni<\/strong><br \/>\nAv. Giovanni Gronchi, 2799,\u00a0Guia Morumbi<br \/>\nHor\u00e1rio de funcionamento: segunda a s\u00e1bado, das 7h \u00e0s 22h. Domingos e feriados, das 8h \u00e0s 21h.<br \/>\nTelefone: (11) 3507-3782<\/p>\n<p><em>Fonte: G1<\/em><\/p>\n\n<div style=\"font-size: 0px; height: 0px; line-height: 0px; margin: 0; padding: 0; clear: both;\"><\/div>","protected":false},"excerpt":{"rendered":"<p>A rede de supermercados Mambo vai aumentar em 5% o n\u00famero de contrata\u00e7\u00e3o para o per\u00edodo de festas. Cargos de frente de caixa e repositor de mercadorias s\u00e3o os que mais demandar\u00e3o funcion\u00e1rios. Entretanto, todos os setores da rede dever\u00e3o contratar tempor\u00e1rios. No total s\u00e3o 60 vagas, sendo 10 para deficientes. Para concorrer a uma das oportunidades \u00e9 preciso ter ensino fundamental completo e, para as vagas de empacotador, ser maior de 16 anos. Todos os contratados poder\u00e3o ser efetivados ap\u00f3s o per\u00edodo. A rede tamb\u00e9m tem oportunidades para candidatos com algum tipo de defici\u00eancia. Neste caso, as vagas s\u00e3o <\/p>\n","protected":false},"author":1,"featured_media":0,"comment_status":"open","ping_status":"closed","sticky":false,"template":"","format":"standard","meta":{"footnotes":""},"categories":[9],"tags":[13],"class_list":["post-2644","post","type-post","status-publish","format-standard","hentry","category-empregos-no-morumbi","tag-morumbi"],"aioseo_notices":[],"_links":{"self":[{"href":"https:\/\/www.encontramorumbi.com.br\/sobre\/wp-json\/wp\/v2\/posts\/2644","targetHints":{"allow":["GET"]}}],"collection":[{"href":"https:\/\/www.encontramorumbi.com.br\/sobre\/wp-json\/wp\/v2\/posts"}],"about":[{"href":"https:\/\/www.encontramorumbi.com.br\/sobre\/wp-json\/wp\/v2\/types\/post"}],"author":[{"embeddable":true,"href":"https:\/\/www.encontramorumbi.com.br\/sobre\/wp-json\/wp\/v2\/users\/1"}],"replies":[{"embeddable":true,"href":"https:\/\/www.encontramorumbi.com.br\/sobre\/wp-json\/wp\/v2\/comments?post=2644"}],"version-history":[{"count":0,"href":"https:\/\/www.encontramorumbi.com.br\/sobre\/wp-json\/wp\/v2\/posts\/2644\/revisions"}],"wp:attachment":[{"href":"https:\/\/www.encontramorumbi.com.br\/sobre\/wp-json\/wp\/v2\/media?parent=2644"}],"wp:term":[{"taxonomy":"category","embeddable":true,"href":"https:\/\/www.encontramorumbi.com.br\/sobre\/wp-json\/wp\/v2\/categories?post=2644"},{"taxonomy":"post_tag","embeddable":true,"href":"https:\/\/www.encontramorumbi.com.br\/sobre\/wp-json\/wp\/v2\/tags?post=2644"}],"curies":[{"name":"wp","href":"https:\/\/api.w.org\/{rel}","templated":true}]}}