{"id":346,"date":"2009-07-14T12:10:04","date_gmt":"2009-07-14T15:10:04","guid":{"rendered":"http:\/\/www.encontramorumbi.com.br\/blog\/?p=346"},"modified":"2019-04-12T15:16:03","modified_gmt":"2019-04-12T18:16:03","slug":"supercarreta-enrosca-em-fios-de-alta-tensao-e-causa-interdicao-em-avenida-do-morumbi","status":"publish","type":"post","link":"https:\/\/www.encontramorumbi.com.br\/sobre\/supercarreta-enrosca-em-fios-de-alta-tensao-e-causa-interdicao-em-avenida-do-morumbi\/","title":{"rendered":"Supercarreta enrosca em fios de alta tens\u00e3o e causa interdi\u00e7\u00e3o em avenida do Morumbi"},"content":{"rendered":"<div class=\"668395cb997a874797677d9ee29f7b25\" data-index=\"1\" style=\"float: none; margin:0px;\">\n<!-- Anuncio display - global -->\r\n<ins class=\"adsbygoogle\"\r\n     style=\"display:block\"\r\n     data-ad-client=\"ca-pub-8585364105181520\"\r\n     data-ad-slot=\"8789329856\"\r\n     data-ad-format=\"auto\"\r\n     data-full-width-responsive=\"true\"><\/ins>\r\n<script>\r\n     (adsbygoogle = window.adsbygoogle || []).push({});\r\n<\/script>\n<\/div>\n<p>Uma carreta superdimensionada causa problemas no tr\u00e2nsito da zona sul de S\u00e3o  Paulo nesta manh\u00e3. Quando passava pela Avenida Morumbi, pr\u00f3ximo ao Pal\u00e1cio dos  Bandeirantes, sede do governo paulista, o ve\u00edculo enroscou nos fios de alta  tens\u00e3o da rede da Eletropaulo. Um poste amea\u00e7a cair, e t\u00e9cnicos da  concession\u00e1ria de energia foram chamados.<\/p>\n<p>Uma das faixas de rolamento da Avenida Morumbi, que chegou a ser interditada,  j\u00e1 foi liberada ao tr\u00e2nsito. A carreta est\u00e1 parada na Avenida Giovanni Gronchi.  O tr\u00e2nsito \u00e9 lento na regi\u00e3o.<\/p>\n\n<div style=\"font-size: 0px; height: 0px; line-height: 0px; margin: 0; padding: 0; clear: both;\"><\/div>","protected":false},"excerpt":{"rendered":"<p>Uma carreta superdimensionada causa problemas no tr\u00e2nsito da zona sul de S\u00e3o Paulo nesta manh\u00e3. Quando passava pela Avenida Morumbi, pr\u00f3ximo ao Pal\u00e1cio dos Bandeirantes, sede do governo paulista, o ve\u00edculo enroscou nos fios de alta tens\u00e3o da rede da Eletropaulo. Um poste amea\u00e7a cair, e t\u00e9cnicos da concession\u00e1ria de energia foram chamados. Uma das faixas de rolamento da Avenida Morumbi, que chegou a ser interditada, j\u00e1 foi liberada ao tr\u00e2nsito. A carreta est\u00e1 parada na Avenida Giovanni Gronchi. O tr\u00e2nsito \u00e9 lento na regi\u00e3o.<\/p>\n","protected":false},"author":1,"featured_media":0,"comment_status":"open","ping_status":"closed","sticky":false,"template":"","format":"standard","meta":{"footnotes":""},"categories":[3],"tags":[],"class_list":["post-346","post","type-post","status-publish","format-standard","hentry","category-noticias-no-morumbi"],"aioseo_notices":[],"_links":{"self":[{"href":"https:\/\/www.encontramorumbi.com.br\/sobre\/wp-json\/wp\/v2\/posts\/346","targetHints":{"allow":["GET"]}}],"collection":[{"href":"https:\/\/www.encontramorumbi.com.br\/sobre\/wp-json\/wp\/v2\/posts"}],"about":[{"href":"https:\/\/www.encontramorumbi.com.br\/sobre\/wp-json\/wp\/v2\/types\/post"}],"author":[{"embeddable":true,"href":"https:\/\/www.encontramorumbi.com.br\/sobre\/wp-json\/wp\/v2\/users\/1"}],"replies":[{"embeddable":true,"href":"https:\/\/www.encontramorumbi.com.br\/sobre\/wp-json\/wp\/v2\/comments?post=346"}],"version-history":[{"count":0,"href":"https:\/\/www.encontramorumbi.com.br\/sobre\/wp-json\/wp\/v2\/posts\/346\/revisions"}],"wp:attachment":[{"href":"https:\/\/www.encontramorumbi.com.br\/sobre\/wp-json\/wp\/v2\/media?parent=346"}],"wp:term":[{"taxonomy":"category","embeddable":true,"href":"https:\/\/www.encontramorumbi.com.br\/sobre\/wp-json\/wp\/v2\/categories?post=346"},{"taxonomy":"post_tag","embeddable":true,"href":"https:\/\/www.encontramorumbi.com.br\/sobre\/wp-json\/wp\/v2\/tags?post=346"}],"curies":[{"name":"wp","href":"https:\/\/api.w.org\/{rel}","templated":true}]}}